{"id":11023,"date":"2023-04-27T21:11:18","date_gmt":"2023-04-27T21:11:18","guid":{"rendered":"https:\/\/www.theracingfactory.pt\/?p=11023"},"modified":"2025-04-29T10:54:46","modified_gmt":"2025-04-29T10:54:46","slug":"the-racing-factory-is-back-on-and-is-in-full-force","status":"publish","type":"post","link":"https:\/\/www.theracingfactory.pt\/pt\/the-racing-factory-is-back-on-and-is-in-full-force\/","title":{"rendered":"The Racing Factory est\u00e1 de volta ao CPR e apresenta-se na m\u00e1xima for\u00e7a!"},"content":{"rendered":"<div data-elementor-type=\"wp-post\" data-elementor-id=\"11023\" class=\"elementor elementor-11023\">\n\t\t\t\t\t\t<section class=\"elementor-section elementor-top-section elementor-element elementor-element-84933de elementor-section-boxed elementor-section-height-default elementor-section-height-default\" data-id=\"84933de\" data-element_type=\"section\" data-e-type=\"section\" data-settings=\"{&quot;background_background&quot;:&quot;gradient&quot;}\">\n\t\t\t\t\t\t<div class=\"elementor-container elementor-column-gap-default\">\n\t\t\t\t\t<div class=\"elementor-column elementor-col-100 elementor-top-column elementor-element elementor-element-45ce2785\" data-id=\"45ce2785\" data-element_type=\"column\" data-e-type=\"column\" data-settings=\"{&quot;background_background&quot;:&quot;classic&quot;}\">\n\t\t\t<div class=\"elementor-widget-wrap elementor-element-populated\">\n\t\t\t\t\t\t<section class=\"elementor-section elementor-inner-section elementor-element elementor-element-1702ca22 elementor-section-full_width elementor-section-height-default elementor-section-height-default\" data-id=\"1702ca22\" data-element_type=\"section\" data-e-type=\"section\">\n\t\t\t\t\t\t<div class=\"elementor-container elementor-column-gap-no\">\n\t\t\t\t\t<div class=\"elementor-column elementor-col-100 elementor-inner-column elementor-element elementor-element-3f02fcf2\" data-id=\"3f02fcf2\" data-element_type=\"column\" data-e-type=\"column\">\n\t\t\t<div class=\"elementor-widget-wrap elementor-element-populated\">\n\t\t\t\t\t\t<div class=\"elementor-element elementor-element-2958882 elementor-widget elementor-widget-heading\" data-id=\"2958882\" data-element_type=\"widget\" data-e-type=\"widget\" data-widget_type=\"heading.default\">\n\t\t\t\t<div class=\"elementor-widget-container\">\n\t\t\t\t\t<h2 class=\"elementor-heading-title elementor-size-default\">The Racing Factory est\u00e1 de volta ao CPR e apresenta-se na m\u00e1xima for\u00e7a!<\/h2>\t\t\t\t<\/div>\n\t\t\t\t<\/div>\n\t\t\t\t<div class=\"elementor-element elementor-element-3aa8c26b elementor-widget elementor-widget-text-editor\" data-id=\"3aa8c26b\" data-element_type=\"widget\" data-e-type=\"widget\" data-widget_type=\"text-editor.default\">\n\t\t\t\t<div class=\"elementor-widget-container\">\n\t\t\t\t\t\t\t\t\t<p><strong>Depois da aus\u00eancia no casinos do Algarve, o Rali Terras D\u2019Aboboreira marca o regresso competitivo nos ralis da TRF. A equipa aborda a prova nortenha em pisos de terra com um trio de luxo, liderado por Armindo Ara\u00fajo e que inclui ainda Iago Gabeiras e Max MacRae.<\/strong><\/p><p>Os campe\u00f5es est\u00e3o de volta.<\/p><p>Armindo Ara\u00fajo e Lu\u00eds Ramalho protagonizaram um intenso programa de recupera\u00e7\u00e3o f\u00edsica, s\u00f3 poss\u00edvel gra\u00e7as a todo o seu empenho e vontade plena de voltarem ao habit\u00e1culo do Skoda Fabia Rally2 EVO da The Racing Factory e discutirem os lugares cimeiros na edi\u00e7\u00e3o do Rali Terras D\u2019Aboboreira, terceira prova do ano do Campeonato de Portugal de Ralis e que conta ainda para o Trofeu Europeu de Ralis.<\/p><p>Fortemente motivados e satisfeitos com o intenso teste realizado antes da prova, Armindo Ara\u00fajo e Lu\u00eds Ramalho encaram este rali como um verdadeiro teste ao seu momento de forma f\u00edsica, sem enjeitar estarem na luta pelos lugares de honra. O rali \u00e9 extenso e, s\u00f3 ao longo das duas etapas, a dupla campe\u00e3 nacional em t\u00edtulo, poder\u00e1 aquilatar da sua condi\u00e7\u00e3o e gerir da melhor forma o seu ritmo e as suas ambi\u00e7\u00f5es.<\/p><p>Entre os Rally4, a The Racing Factory ter\u00e1 dupla presen\u00e7a, atrav\u00e9s de uma forte aposta em dois \u201cjovens lobos\u201d.<\/p><p>De regresso est\u00e1 o espanhol Iago Gabeiras, que ter\u00e1 a seu lado o navegador Adrian Varela. Senhor de uma reconhecida grande velocidade, Gabeiras inicia neste rali o seu ataque \u00e0 edi\u00e7\u00e3o 2023 da Peugeot Rallye Cup Ib\u00e9rica, tendo tudo para estar entre os protagonistas da esperada batalha sem tr\u00e9guas pelo dom\u00ednio desta competi\u00e7\u00e3o reservada aos Peugeot 208 Rally4.<\/p><p>J\u00e1 Max McRae estar\u00e1 na prova organizada pelo Clube Autom\u00f3vel de Amarante com uma miss\u00e3o muito concreta: rodar para ganhar experi\u00eancia e confian\u00e7a. Desta feita e tendo a seu lado Macartan Kierans, alinhar\u00e1 com um Peugeot 208 Rally4, ficando o Opel Corsa Rally4 reservado para o seu ataque ao J\u00fanior ERC 2023, cujo calend\u00e1rio come\u00e7a j\u00e1 em Maio, na Pol\u00f3nia, e seguindo-se mais dois ralis em terra (Let\u00f3nia e Su\u00e9cia) passando depois para 3 provas em asfalto (It\u00e1lia, Tch\u00e9quia e Hungria).<\/p><p>O jovem piloto escoc\u00eas, 3\u00aa gera\u00e7\u00e3o do cl\u00e3 McRae, \u00e9 uma das fortes apostas da TRF no \u00e2mbito internacional e, mesmo se o principal objetivo no Terras D\u2019Aboboreira n\u00e3o passa por qualquer foco no resultado, n\u00e3o deixa de ser motivo de interesse ver o que far\u00e1 nesta sua estreia aos comandos do carro alem\u00e3o e com a equipa.<\/p><p>Alo\u00edsio Monteiro, CEO da estrutura, n\u00e3o esconde a <strong><em>\u201cfelicidade imensa que sinto por ter o Armindo e o Lu\u00eds de regresso. S\u00e3o campe\u00f5es em todos os aspetos e isso viu-se na maneira como lidaram com o acidente e , principalmente, com o duro processo de recupera\u00e7\u00e3o f\u00edsica. N\u00e3o tenho d\u00favidas de que far\u00e3o um excelente rali e a equipa est\u00e1 muito motivada para lhes dar um carro competitivo, apoiando-os em tudo ao longo da prova\u201d.<\/em><\/strong>.<\/p><p>Quanto a Gabeiras e McRae, o l\u00edder da TRF destaca <strong><em>\u201ca aposta que estamos a fazer na nossa internacionaliza\u00e7\u00e3o, sobretudo com jovens pilotos de elevado potencial. Estou convicto de que o Iago e o Max v\u00e3o fazer um bom rali, cumprindo a estrat\u00e9gia que lhes foi delineada para chegarem aos diferentes objetivos que est\u00e3o tra\u00e7ados para cada um\u201d.<\/em><\/strong>.<\/p><p>Com uma estrutura desenhada nos concelhos de Amarante, Bai\u00e3o e Marco de Canaveses, a prova do Clube Autom\u00f3vel de Amarante ter\u00e1 in\u00edcio na tarde de sexta-feira em Marco de Canaveses, mas antes, de manh\u00e3, tanto o Free Practice como o Qualifying , e depois o Shakedown, decorrem num tro\u00e7o cronometrado, Marco Rios de Emo\u00e7\u00e3o, com 3,56 km. O tro\u00e7o Bai\u00e3o Vida Natural (7,78 km), ser\u00e1 percorrido por duas vezes na tarde do primeiro dia de prova. O programa de sexta incluiu ainda a Super Especial Bai\u00e3o Destino Sustent\u00e1vel (1,52 km), no centro de Bai\u00e3o. J\u00e1 no s\u00e1bado, ser\u00e3o disputadas por duas vezes as especiais de Aboboreira (16,65 km), Mar\u00e3o (7,44 km) e, por \u00faltimo, Amarante Natureza Encantada (16,96 km), cuja segunda passagem ser\u00e1 a Power Stage da prova.<\/p>\t\t\t\t\t\t\t\t<\/div>\n\t\t\t\t<\/div>\n\t\t\t\t\t<\/div>\n\t\t<\/div>\n\t\t\t\t\t<\/div>\n\t\t<\/section>\n\t\t\t\t\t<\/div>\n\t\t<\/div>\n\t\t\t\t\t<\/div>\n\t\t<\/section>\n\t\t\t\t<section class=\"elementor-section elementor-top-section elementor-element elementor-element-83e0e9a elementor-section-boxed elementor-section-height-default elementor-section-height-default\" data-id=\"83e0e9a\" data-element_type=\"section\" data-e-type=\"section\">\n\t\t\t\t\t\t<div class=\"elementor-container elementor-column-gap-default\">\n\t\t\t\t\t<div class=\"elementor-column elementor-col-100 elementor-top-column elementor-element elementor-element-fe390b0\" data-id=\"fe390b0\" data-element_type=\"column\" data-e-type=\"column\">\n\t\t\t<div class=\"elementor-widget-wrap elementor-element-populated\">\n\t\t\t\t\t\t<div class=\"elementor-element elementor-element-6d94c4c elementor-widget elementor-widget-heading\" data-id=\"6d94c4c\" data-element_type=\"widget\" data-e-type=\"widget\" data-widget_type=\"heading.default\">\n\t\t\t\t<div class=\"elementor-widget-container\">\n\t\t\t\t\t<h2 class=\"elementor-heading-title elementor-size-default\">Images<\/h2>\t\t\t\t<\/div>\n\t\t\t\t<\/div>\n\t\t\t\t<div class=\"elementor-element elementor-element-ea246d8 elementor-widget elementor-widget-image-gallery\" data-id=\"ea246d8\" data-element_type=\"widget\" data-e-type=\"widget\" data-widget_type=\"image-gallery.default\">\n\t\t\t\t<div class=\"elementor-widget-container\">\n\t\t\t\t\t\t\t<div class=\"elementor-image-gallery\">\n\t\t\t<div id='gallery-1' class='gallery galleryid-11023 gallery-columns-4 gallery-size-medium'><figure class='gallery-item'>\n\t\t\t<div class='gallery-icon portrait'>\n\t\t\t\t<a data-elementor-open-lightbox=\"yes\" data-elementor-lightbox-slideshow=\"ea246d8\" data-elementor-lightbox-title=\"Next Race - Aboboreira_\" data-e-action-hash=\"#elementor-action%3Aaction%3Dlightbox%26settings%3DeyJpZCI6MTEwMjksInVybCI6Imh0dHBzOlwvXC93d3cudGhlcmFjaW5nZmFjdG9yeS5wdFwvd3AtY29udGVudFwvdXBsb2Fkc1wvMjAyM1wvMDRcL05leHQtUmFjZS1BYm9ib3JlaXJhXy5qcGciLCJzbGlkZXNob3ciOiJlYTI0NmQ4In0%3D\" href='https:\/\/www.theracingfactory.pt\/wp-content\/uploads\/2023\/04\/Next-Race-Aboboreira_.jpg'><img fetchpriority=\"high\" width=\"240\" height=\"300\" src=\"https:\/\/www.theracingfactory.pt\/wp-content\/uploads\/2023\/04\/Next-Race-Aboboreira_-240x300.jpg\" class=\"attachment-medium size-medium\" alt=\"\" decoding=\"async\" srcset=\"https:\/\/www.theracingfactory.pt\/wp-content\/uploads\/2023\/04\/Next-Race-Aboboreira_-240x300.jpg 240w, https:\/\/www.theracingfactory.pt\/wp-content\/uploads\/2023\/04\/Next-Race-Aboboreira_-819x1024.jpg 819w, https:\/\/www.theracingfactory.pt\/wp-content\/uploads\/2023\/04\/Next-Race-Aboboreira_-768x960.jpg 768w, https:\/\/www.theracingfactory.pt\/wp-content\/uploads\/2023\/04\/Next-Race-Aboboreira_-10x12.jpg 10w, https:\/\/www.theracingfactory.pt\/wp-content\/uploads\/2023\/04\/Next-Race-Aboboreira_-600x750.jpg 600w, https:\/\/www.theracingfactory.pt\/wp-content\/uploads\/2023\/04\/Next-Race-Aboboreira_.jpg 1080w\" sizes=\"(max-width: 240px) 100vw, 240px\" \/><\/a>\n\t\t\t<\/div><\/figure><figure class='gallery-item'>\n\t\t\t<div class='gallery-icon portrait'>\n\t\t\t\t<a data-elementor-open-lightbox=\"yes\" data-elementor-lightbox-slideshow=\"ea246d8\" data-elementor-lightbox-title=\"Aboboreira_0002_311231299_653269662826770_510182129901604971_n\" data-e-action-hash=\"#elementor-action%3Aaction%3Dlightbox%26settings%3DeyJpZCI6MTEwMjgsInVybCI6Imh0dHBzOlwvXC93d3cudGhlcmFjaW5nZmFjdG9yeS5wdFwvd3AtY29udGVudFwvdXBsb2Fkc1wvMjAyM1wvMDRcL0Fib2JvcmVpcmFfMDAwMl8zMTEyMzEyOTlfNjUzMjY5NjYyODI2NzcwXzUxMDE4MjEyOTkwMTYwNDk3MV9uLmpwZyIsInNsaWRlc2hvdyI6ImVhMjQ2ZDgifQ%3D%3D\" href='https:\/\/www.theracingfactory.pt\/wp-content\/uploads\/2023\/04\/Aboboreira_0002_311231299_653269662826770_510182129901604971_n.jpg'><img width=\"240\" height=\"300\" src=\"https:\/\/www.theracingfactory.pt\/wp-content\/uploads\/2023\/04\/Aboboreira_0002_311231299_653269662826770_510182129901604971_n-240x300.jpg\" class=\"attachment-medium size-medium\" alt=\"\" decoding=\"async\" srcset=\"https:\/\/www.theracingfactory.pt\/wp-content\/uploads\/2023\/04\/Aboboreira_0002_311231299_653269662826770_510182129901604971_n-240x300.jpg 240w, https:\/\/www.theracingfactory.pt\/wp-content\/uploads\/2023\/04\/Aboboreira_0002_311231299_653269662826770_510182129901604971_n-819x1024.jpg 819w, https:\/\/www.theracingfactory.pt\/wp-content\/uploads\/2023\/04\/Aboboreira_0002_311231299_653269662826770_510182129901604971_n-768x960.jpg 768w, https:\/\/www.theracingfactory.pt\/wp-content\/uploads\/2023\/04\/Aboboreira_0002_311231299_653269662826770_510182129901604971_n-10x12.jpg 10w, https:\/\/www.theracingfactory.pt\/wp-content\/uploads\/2023\/04\/Aboboreira_0002_311231299_653269662826770_510182129901604971_n-600x750.jpg 600w, https:\/\/www.theracingfactory.pt\/wp-content\/uploads\/2023\/04\/Aboboreira_0002_311231299_653269662826770_510182129901604971_n.jpg 1080w\" sizes=\"(max-width: 240px) 100vw, 240px\" \/><\/a>\n\t\t\t<\/div><\/figure><figure class='gallery-item'>\n\t\t\t<div class='gallery-icon portrait'>\n\t\t\t\t<a data-elementor-open-lightbox=\"yes\" data-elementor-lightbox-slideshow=\"ea246d8\" data-elementor-lightbox-title=\"Aboboreira_0001_291159634_566381691637817_2956789925731861956_n\" data-e-action-hash=\"#elementor-action%3Aaction%3Dlightbox%26settings%3DeyJpZCI6MTEwMjcsInVybCI6Imh0dHBzOlwvXC93d3cudGhlcmFjaW5nZmFjdG9yeS5wdFwvd3AtY29udGVudFwvdXBsb2Fkc1wvMjAyM1wvMDRcL0Fib2JvcmVpcmFfMDAwMV8yOTExNTk2MzRfNTY2MzgxNjkxNjM3ODE3XzI5NTY3ODk5MjU3MzE4NjE5NTZfbi5qcGciLCJzbGlkZXNob3ciOiJlYTI0NmQ4In0%3D\" href='https:\/\/www.theracingfactory.pt\/wp-content\/uploads\/2023\/04\/Aboboreira_0001_291159634_566381691637817_2956789925731861956_n.jpg'><img width=\"240\" height=\"300\" src=\"https:\/\/www.theracingfactory.pt\/wp-content\/uploads\/2023\/04\/Aboboreira_0001_291159634_566381691637817_2956789925731861956_n-240x300.jpg\" class=\"attachment-medium size-medium\" alt=\"\" decoding=\"async\" srcset=\"https:\/\/www.theracingfactory.pt\/wp-content\/uploads\/2023\/04\/Aboboreira_0001_291159634_566381691637817_2956789925731861956_n-240x300.jpg 240w, https:\/\/www.theracingfactory.pt\/wp-content\/uploads\/2023\/04\/Aboboreira_0001_291159634_566381691637817_2956789925731861956_n-819x1024.jpg 819w, https:\/\/www.theracingfactory.pt\/wp-content\/uploads\/2023\/04\/Aboboreira_0001_291159634_566381691637817_2956789925731861956_n-768x960.jpg 768w, https:\/\/www.theracingfactory.pt\/wp-content\/uploads\/2023\/04\/Aboboreira_0001_291159634_566381691637817_2956789925731861956_n-10x12.jpg 10w, https:\/\/www.theracingfactory.pt\/wp-content\/uploads\/2023\/04\/Aboboreira_0001_291159634_566381691637817_2956789925731861956_n-600x750.jpg 600w, https:\/\/www.theracingfactory.pt\/wp-content\/uploads\/2023\/04\/Aboboreira_0001_291159634_566381691637817_2956789925731861956_n.jpg 1080w\" sizes=\"(max-width: 240px) 100vw, 240px\" \/><\/a>\n\t\t\t<\/div><\/figure><figure class='gallery-item'>\n\t\t\t<div class='gallery-icon portrait'>\n\t\t\t\t<a data-elementor-open-lightbox=\"yes\" data-elementor-lightbox-slideshow=\"ea246d8\" data-elementor-lightbox-title=\"Aboboreira_0000_260358159_3057735877774253_5021916564959051080_n\" data-e-action-hash=\"#elementor-action%3Aaction%3Dlightbox%26settings%3DeyJpZCI6MTEwMjYsInVybCI6Imh0dHBzOlwvXC93d3cudGhlcmFjaW5nZmFjdG9yeS5wdFwvd3AtY29udGVudFwvdXBsb2Fkc1wvMjAyM1wvMDRcL0Fib2JvcmVpcmFfMDAwMF8yNjAzNTgxNTlfMzA1NzczNTg3Nzc3NDI1M181MDIxOTE2NTY0OTU5MDUxMDgwX24uanBnIiwic2xpZGVzaG93IjoiZWEyNDZkOCJ9\" href='https:\/\/www.theracingfactory.pt\/wp-content\/uploads\/2023\/04\/Aboboreira_0000_260358159_3057735877774253_5021916564959051080_n.jpg'><img loading=\"lazy\" width=\"240\" height=\"300\" src=\"https:\/\/www.theracingfactory.pt\/wp-content\/uploads\/2023\/04\/Aboboreira_0000_260358159_3057735877774253_5021916564959051080_n-240x300.jpg\" class=\"attachment-medium size-medium\" alt=\"\" decoding=\"async\" srcset=\"https:\/\/www.theracingfactory.pt\/wp-content\/uploads\/2023\/04\/Aboboreira_0000_260358159_3057735877774253_5021916564959051080_n-240x300.jpg 240w, https:\/\/www.theracingfactory.pt\/wp-content\/uploads\/2023\/04\/Aboboreira_0000_260358159_3057735877774253_5021916564959051080_n-819x1024.jpg 819w, https:\/\/www.theracingfactory.pt\/wp-content\/uploads\/2023\/04\/Aboboreira_0000_260358159_3057735877774253_5021916564959051080_n-768x960.jpg 768w, https:\/\/www.theracingfactory.pt\/wp-content\/uploads\/2023\/04\/Aboboreira_0000_260358159_3057735877774253_5021916564959051080_n-10x12.jpg 10w, https:\/\/www.theracingfactory.pt\/wp-content\/uploads\/2023\/04\/Aboboreira_0000_260358159_3057735877774253_5021916564959051080_n-600x750.jpg 600w, https:\/\/www.theracingfactory.pt\/wp-content\/uploads\/2023\/04\/Aboboreira_0000_260358159_3057735877774253_5021916564959051080_n.jpg 1080w\" sizes=\"(max-width: 240px) 100vw, 240px\" \/><\/a>\n\t\t\t<\/div><\/figure>\n\t\t<\/div>\n\t\t<\/div>\n\t\t\t\t\t\t<\/div>\n\t\t\t\t<\/div>\n\t\t\t\t<div class=\"elementor-element elementor-element-68c740a elementor-widget elementor-widget-spacer\" data-id=\"68c740a\" data-element_type=\"widget\" data-e-type=\"widget\" data-widget_type=\"spacer.default\">\n\t\t\t\t<div class=\"elementor-widget-container\">\n\t\t\t\t\t\t\t<div class=\"elementor-spacer\">\n\t\t\t<div class=\"elementor-spacer-inner\"><\/div>\n\t\t<\/div>\n\t\t\t\t\t\t<\/div>\n\t\t\t\t<\/div>\n\t\t\t\t\t<\/div>\n\t\t<\/div>\n\t\t\t\t\t<\/div>\n\t\t<\/section>\n\t\t\t\t<\/div>","protected":false},"excerpt":{"rendered":"<p>The Rally Terras D\u2019Aboboreira marks THE RACING FACTORY\u2019s comeback.<\/p>","protected":false},"author":1,"featured_media":11025,"comment_status":"closed","ping_status":"open","sticky":false,"template":"","format":"standard","meta":{"wp_social_preview_title":"","wp_social_preview_description":"","wp_social_preview_image":0,"footnotes":""},"categories":[236,41],"tags":[23,237,90,57],"class_list":["post-11023","post","type-post","status-publish","format-standard","has-post-thumbnail","hentry","category-psci","category-trf","tag-aloisio-monteiro","tag-porsche-sprint-challenge-iberica","tag-the-racing-factory","tag-trf"],"_links":{"self":[{"href":"https:\/\/www.theracingfactory.pt\/pt\/wp-json\/wp\/v2\/posts\/11023","targetHints":{"allow":["GET"]}}],"collection":[{"href":"https:\/\/www.theracingfactory.pt\/pt\/wp-json\/wp\/v2\/posts"}],"about":[{"href":"https:\/\/www.theracingfactory.pt\/pt\/wp-json\/wp\/v2\/types\/post"}],"author":[{"embeddable":true,"href":"https:\/\/www.theracingfactory.pt\/pt\/wp-json\/wp\/v2\/users\/1"}],"replies":[{"embeddable":true,"href":"https:\/\/www.theracingfactory.pt\/pt\/wp-json\/wp\/v2\/comments?post=11023"}],"version-history":[{"count":3,"href":"https:\/\/www.theracingfactory.pt\/pt\/wp-json\/wp\/v2\/posts\/11023\/revisions"}],"predecessor-version":[{"id":11032,"href":"https:\/\/www.theracingfactory.pt\/pt\/wp-json\/wp\/v2\/posts\/11023\/revisions\/11032"}],"wp:featuredmedia":[{"embeddable":true,"href":"https:\/\/www.theracingfactory.pt\/pt\/wp-json\/wp\/v2\/media\/11025"}],"wp:attachment":[{"href":"https:\/\/www.theracingfactory.pt\/pt\/wp-json\/wp\/v2\/media?parent=11023"}],"wp:term":[{"taxonomy":"category","embeddable":true,"href":"https:\/\/www.theracingfactory.pt\/pt\/wp-json\/wp\/v2\/categories?post=11023"},{"taxonomy":"post_tag","embeddable":true,"href":"https:\/\/www.theracingfactory.pt\/pt\/wp-json\/wp\/v2\/tags?post=11023"}],"curies":[{"name":"wp","href":"https:\/\/api.w.org\/{rel}","templated":true}]}}