{"id":11037,"date":"2023-05-10T17:41:19","date_gmt":"2023-05-10T17:41:19","guid":{"rendered":"https:\/\/www.theracingfactory.pt\/?p=11037"},"modified":"2025-04-29T10:54:46","modified_gmt":"2025-04-29T10:54:46","slug":"the-racing-factory-charges-on-three-fronts-at-the-vodafone-rally-de-portugal","status":"publish","type":"post","link":"https:\/\/www.theracingfactory.pt\/pt\/the-racing-factory-charges-on-three-fronts-at-the-vodafone-rally-de-portugal\/","title":{"rendered":"The Racing Factory ataca em tr\u00eas frentes no Vodafone Rali de Portugal"},"content":{"rendered":"<div data-elementor-type=\"wp-post\" data-elementor-id=\"11037\" class=\"elementor elementor-11037\">\n\t\t\t\t\t\t<section class=\"elementor-section elementor-top-section elementor-element elementor-element-84933de elementor-section-boxed elementor-section-height-default elementor-section-height-default\" data-id=\"84933de\" data-element_type=\"section\" data-e-type=\"section\" data-settings=\"{&quot;background_background&quot;:&quot;gradient&quot;}\">\n\t\t\t\t\t\t<div class=\"elementor-container elementor-column-gap-default\">\n\t\t\t\t\t<div class=\"elementor-column elementor-col-100 elementor-top-column elementor-element elementor-element-45ce2785\" data-id=\"45ce2785\" data-element_type=\"column\" data-e-type=\"column\" data-settings=\"{&quot;background_background&quot;:&quot;classic&quot;}\">\n\t\t\t<div class=\"elementor-widget-wrap elementor-element-populated\">\n\t\t\t\t\t\t<section class=\"elementor-section elementor-inner-section elementor-element elementor-element-1702ca22 elementor-section-full_width elementor-section-height-default elementor-section-height-default\" data-id=\"1702ca22\" data-element_type=\"section\" data-e-type=\"section\">\n\t\t\t\t\t\t<div class=\"elementor-container elementor-column-gap-no\">\n\t\t\t\t\t<div class=\"elementor-column elementor-col-100 elementor-inner-column elementor-element elementor-element-3f02fcf2\" data-id=\"3f02fcf2\" data-element_type=\"column\" data-e-type=\"column\">\n\t\t\t<div class=\"elementor-widget-wrap elementor-element-populated\">\n\t\t\t\t\t\t<div class=\"elementor-element elementor-element-2958882 elementor-widget elementor-widget-heading\" data-id=\"2958882\" data-element_type=\"widget\" data-e-type=\"widget\" data-widget_type=\"heading.default\">\n\t\t\t\t<div class=\"elementor-widget-container\">\n\t\t\t\t\t<h2 class=\"elementor-heading-title elementor-size-default\">The Racing Factory ataca em tr\u00eas frentes no Vodafone Rali de Portugal<\/h2>\t\t\t\t<\/div>\n\t\t\t\t<\/div>\n\t\t\t\t<div class=\"elementor-element elementor-element-3aa8c26b elementor-widget elementor-widget-text-editor\" data-id=\"3aa8c26b\" data-element_type=\"widget\" data-e-type=\"widget\" data-widget_type=\"text-editor.default\">\n\t\t\t\t<div class=\"elementor-widget-container\">\n\t\t\t\t\t\t\t\t\t<ul><li><strong><em> Armindo Ara\u00fajo e Lu\u00eds Ramalho t\u00eam duplo alvo no \u201cmelhor rali do mundo\u201d: os campe\u00f5es nacionais querem discutir os lugares cimeiros na prova do CPR e terminar o rali como a melhor equipa portuguesa;<\/em><\/strong><\/li><li><strong><em> J\u00e1 Iago Gabeiras e Adrian Varela v\u00e3o concentrar o seu esfor\u00e7o na luta pela vitoria na Peugeot Rallye Cup Ib\u00e9rica, que se disputa na etapa de sexta-feira;<\/em><\/strong><\/li><\/ul><p>\u00a0<\/p><p>Amanh\u00e3 arranca a edi\u00e7\u00e3o de 2023 do Vodafone Rali de Portugal, com o justamente chamado \u201cmelhor rali do mundo\u201d a prometer, uma vez mais, 4 dias de grande emo\u00e7\u00e3o e tr\u00eas de intensa competi\u00e7\u00e3o.<\/p><p><span style=\"color: var( --e-global-color-text ); font-family: var( --e-global-typography-text-font-family ), Sans-serif; font-size: var( --e-global-typography-text-font-size ); font-style: var( --e-global-typography-text-font-style ); font-weight: var( --e-global-typography-text-font-weight ); text-transform: var( --e-global-typography-text-text-transform );\">Quinta-feira est\u00e1 reservada para o Shakedown e para a partida simb\u00f3lica do rali, em Coimbra, com a competi\u00e7\u00e3o a desenrolar-se ao longo dos dias de sexta-feira, s\u00e1bado e domingo, tendo as equipas pela frente 329,06 km de tro\u00e7os cronometrados.<\/span><\/p><p>A The Racing Factory apresenta-se na prova organizada do ACP com fortes ambi\u00e7\u00f5es de proporcionar todas as condi\u00e7\u00f5es para que as duplas Armindo Ara\u00fajo\/Lu\u00eds Ramalho (Skoda Fabia Raly2 EVO) e Iago Gabeiras\/Adrian Varela (Peugeot 208 Rally4) estejam na linha pela supremacia nas tr\u00eas \u201cfrentes de combate\u201d em que estar\u00e3o inseridas.<\/p><p>Armindo e Lu\u00eds chegam ao Rali de Portugal ap\u00f3s um espetacular regresso na prova anterior do Campeonato de Portugal de Ralis e, o piloto sete vezes campe\u00e3o nacional, assume com clareza dois objetivos para o embate \u201cmundialista\u201d:<\/p><p><strong><em>\u201cEste \u00e9 sem d\u00favida o rali que todos ansiamos e que nos traz uma motiva\u00e7\u00e3o extra por ser o nosso rali do campeonato do mundo. Vamos lutar pelo melhor resultado poss\u00edvel para o CPR, com as contas a serem fechadas na sexta-feira, e depois vamos continuar em busca de conseguirmos terminar como a melhor dupla portuguesa\u201d.<\/em><\/strong><\/p><p>As contas referentes a esta 4\u00aa prova do Campeonato de Portugal de Ralis ficar\u00e3o seladas logo na 1\u00aa etapa, que se disputa durante o dia de sexta-feira. O programa incluir\u00e1 a grande novidade da edi\u00e7\u00e3o deste ano, com a disputa da Super Especial da Figueira da Foz que encerra a prova no que ao Campeonato de Portugal de Ralis diz respeito. At\u00e9 l\u00e1, as equipas ter\u00e3o pela frente sete classificativas, com dupla passagem por Lous\u00e3, Arganil e Gois, e a passagem pelo tro\u00e7o cronometrado de Mort\u00e1gua, que ser\u00e1 a Power Stage do CPR.<\/p><p>Quanto a Iago Gabeiras, o piloto galego arriba ao Vodafone Rali de Portugal com a motiva\u00e7\u00e3o em alta, ap\u00f3s a magnifica exibi\u00e7\u00e3o e resultado de topo que alcan\u00e7ou na jornada inaugural da Peugeot Rallye Cup Ib\u00e9rica.<\/p><p>Pela frente ter\u00e1 mais um embate aceso, estando claramente entre os candidatos a disputar a vit\u00f3ria na competi\u00e7\u00e3o que, neste rali, ser\u00e1 disputada apenas ao longo da 2\u00aa etapa da prova, que incluiu 7 Especiais, passando, por duas vezes, por Vieira do Minho, Amarante e Felgueiras, juntando-se-lhes a Super Especial de Lousada, num total de 144,88 km cronometrados, integradas num percurso completo de 668,12 km.<\/p><p><strong><em>\"Como nos \u00faltimos anos vamos estar no Rali Portugal com grande entusiasmo por corrermos no Mundial e raramente temos esta oportunidade. Vamos tentar lutar pelos primeiros lugares na Copa Peugeot, mas com cabe\u00e7a, tendo sempre a preocupa\u00e7\u00e3o de manter a mec\u00e2nica. A etapa tem tro\u00e7os muito bons, especialmente Vieira do Minho. Amarante vai ser tro\u00e7o muito duro, com o piso muito partido, principalmente na parte final, j\u00e1 que h\u00e1 apenas duas semanas se disputou l\u00e1 o Rali Terras da Aboboreira, pelo que encaramos o rali com grande entusiasmo e vamos tentar preservar a mec\u00e2nica e alcan\u00e7ar uma posi\u00e7\u00e3o no p\u00f3dio\u201d,<\/em><\/strong>afirmou Gabeiras.<\/p><p>Por seu lado, Alo\u00edsio Monteiro, CEO da The Racing Factory \u00e9 direto e assertivo na assun\u00e7\u00e3o dos objetivos da equipa:<\/p><p>\u201c<strong><em>\u201cA TRF est\u00e1 preparada para este rali \u00fanico. A equipa t\u00e9cnica trabalhou imenso para dar ao Armindo e ao Lu\u00eds, bem como ao Iago e ao Adrian, todas as condi\u00e7\u00f5es para que concretizem o que t\u00e3o bem sabem fazer: lutar taco-a-taco por resultados de topo e, obviamente, sempre com a mira nos triunfos\u201d.<\/em><\/strong>.<\/p><p>O \u201cpatr\u00e3o\u201d da The Racing Factory enfatiza que<strong><em>\u201ca nossa prepara\u00e7\u00e3o foi, como sempre, muito intensa e direcionada para enfrentar as enormes particularidades do Rali de Portugal, sobretudo quanto \u00e0 extens\u00e3o e dureza das classificativas, estando toda a estrutura preparada para, ao longo da prova, trabalhar para que nada falte \u00e0s nossas duplas. Estou firmemente convencido de que iremos fazer um excelente resultado de conjunto!\u201d.<\/em><\/strong>.<\/p><p>O Vodafone Rali de Portugal 2023 ter\u00e1 todas as suas especiais de classifica\u00e7\u00e3o transmitidas em direto na WRC.TV e na Sporttv.<\/p>\t\t\t\t\t\t\t\t<\/div>\n\t\t\t\t<\/div>\n\t\t\t\t\t<\/div>\n\t\t<\/div>\n\t\t\t\t\t<\/div>\n\t\t<\/section>\n\t\t\t\t\t<\/div>\n\t\t<\/div>\n\t\t\t\t\t<\/div>\n\t\t<\/section>\n\t\t\t\t<\/div>","protected":false},"excerpt":{"rendered":"<p>Quinta-feira est\u00e1 reservada para o Shakedown e para a partida simb\u00f3lica do rali, em Coimbra, com a competi\u00e7\u00e3o a desenrolar-se ao longo dos dias de sexta-feira, s\u00e1bado e domingo, tendo as equipas pela frente 329,06 km de tro\u00e7os cronometrados.<\/p>","protected":false},"author":1,"featured_media":11038,"comment_status":"closed","ping_status":"open","sticky":false,"template":"","format":"standard","meta":{"wp_social_preview_title":"","wp_social_preview_description":"","wp_social_preview_image":0,"footnotes":""},"categories":[236,41],"tags":[23,237,90,57],"class_list":["post-11037","post","type-post","status-publish","format-standard","has-post-thumbnail","hentry","category-psci","category-trf","tag-aloisio-monteiro","tag-porsche-sprint-challenge-iberica","tag-the-racing-factory","tag-trf"],"_links":{"self":[{"href":"https:\/\/www.theracingfactory.pt\/pt\/wp-json\/wp\/v2\/posts\/11037","targetHints":{"allow":["GET"]}}],"collection":[{"href":"https:\/\/www.theracingfactory.pt\/pt\/wp-json\/wp\/v2\/posts"}],"about":[{"href":"https:\/\/www.theracingfactory.pt\/pt\/wp-json\/wp\/v2\/types\/post"}],"author":[{"embeddable":true,"href":"https:\/\/www.theracingfactory.pt\/pt\/wp-json\/wp\/v2\/users\/1"}],"replies":[{"embeddable":true,"href":"https:\/\/www.theracingfactory.pt\/pt\/wp-json\/wp\/v2\/comments?post=11037"}],"version-history":[{"count":3,"href":"https:\/\/www.theracingfactory.pt\/pt\/wp-json\/wp\/v2\/posts\/11037\/revisions"}],"predecessor-version":[{"id":11041,"href":"https:\/\/www.theracingfactory.pt\/pt\/wp-json\/wp\/v2\/posts\/11037\/revisions\/11041"}],"wp:featuredmedia":[{"embeddable":true,"href":"https:\/\/www.theracingfactory.pt\/pt\/wp-json\/wp\/v2\/media\/11038"}],"wp:attachment":[{"href":"https:\/\/www.theracingfactory.pt\/pt\/wp-json\/wp\/v2\/media?parent=11037"}],"wp:term":[{"taxonomy":"category","embeddable":true,"href":"https:\/\/www.theracingfactory.pt\/pt\/wp-json\/wp\/v2\/categories?post=11037"},{"taxonomy":"post_tag","embeddable":true,"href":"https:\/\/www.theracingfactory.pt\/pt\/wp-json\/wp\/v2\/tags?post=11037"}],"curies":[{"name":"wp","href":"https:\/\/api.w.org\/{rel}","templated":true}]}}