{"id":11050,"date":"2023-05-19T10:20:40","date_gmt":"2023-05-19T10:20:40","guid":{"rendered":"https:\/\/www.theracingfactory.pt\/?p=11050"},"modified":"2025-04-29T10:54:46","modified_gmt":"2025-04-29T10:54:46","slug":"the-racing-factory-ready-to-attack-in-poland-with-mikko-heikkila-and-max-mcrae","status":"publish","type":"post","link":"https:\/\/www.theracingfactory.pt\/pt\/the-racing-factory-ready-to-attack-in-poland-with-mikko-heikkila-and-max-mcrae\/","title":{"rendered":"The Racing Factory ao ataque na Pol\u00f3nia com Mikko Heikkil\u00e4 e Max McRae"},"content":{"rendered":"<div data-elementor-type=\"wp-post\" data-elementor-id=\"11050\" class=\"elementor elementor-11050\">\n\t\t\t\t\t\t<section class=\"elementor-section elementor-top-section elementor-element elementor-element-84933de elementor-section-boxed elementor-section-height-default elementor-section-height-default\" data-id=\"84933de\" data-element_type=\"section\" data-e-type=\"section\" data-settings=\"{&quot;background_background&quot;:&quot;gradient&quot;}\">\n\t\t\t\t\t\t<div class=\"elementor-container elementor-column-gap-default\">\n\t\t\t\t\t<div class=\"elementor-column elementor-col-100 elementor-top-column elementor-element elementor-element-45ce2785\" data-id=\"45ce2785\" data-element_type=\"column\" data-e-type=\"column\" data-settings=\"{&quot;background_background&quot;:&quot;classic&quot;}\">\n\t\t\t<div class=\"elementor-widget-wrap elementor-element-populated\">\n\t\t\t\t\t\t<section class=\"elementor-section elementor-inner-section elementor-element elementor-element-1702ca22 elementor-section-full_width elementor-section-height-default elementor-section-height-default\" data-id=\"1702ca22\" data-element_type=\"section\" data-e-type=\"section\">\n\t\t\t\t\t\t<div class=\"elementor-container elementor-column-gap-no\">\n\t\t\t\t\t<div class=\"elementor-column elementor-col-100 elementor-inner-column elementor-element elementor-element-3f02fcf2\" data-id=\"3f02fcf2\" data-element_type=\"column\" data-e-type=\"column\">\n\t\t\t<div class=\"elementor-widget-wrap elementor-element-populated\">\n\t\t\t\t\t\t<div class=\"elementor-element elementor-element-2958882 elementor-widget elementor-widget-heading\" data-id=\"2958882\" data-element_type=\"widget\" data-e-type=\"widget\" data-widget_type=\"heading.default\">\n\t\t\t\t<div class=\"elementor-widget-container\">\n\t\t\t\t\t<h2 class=\"elementor-heading-title elementor-size-default\">The Racing Factory ao ataque na Pol\u00f3nia com Mikko Heikkil\u00e4 e Max McRae<\/h2>\t\t\t\t<\/div>\n\t\t\t\t<\/div>\n\t\t\t\t<div class=\"elementor-element elementor-element-3aa8c26b elementor-widget elementor-widget-text-editor\" data-id=\"3aa8c26b\" data-element_type=\"widget\" data-e-type=\"widget\" data-widget_type=\"text-editor.default\">\n\t\t\t\t<div class=\"elementor-widget-container\">\n\t\t\t\t\t\t\t\t\t<ul><li><strong>Arranca hoje a terceira prova do ERC \u2013 European Rally Championship e a The Racing Factory apresenta-se em terras polacas com ambi\u00e7\u00e3o de disputar lugares de relevo em duas frentes;<\/strong><\/li><li><strong>Mikko Heikkil\u00e4 quer estar entre os protagonistas da luta \u00e0 geral e Max McRae assume ambi\u00e7\u00e3o na sua estreia absoluta no Junior ERC Championship;<\/strong><\/li><\/ul><p>\u00a0<\/p><p>O Europeu volta aos pisos de terra, num rali conhecido pela velocidade alta que as especiais de classifica\u00e7\u00e3o ostentam, exigindo m\u00e1xima concentra\u00e7\u00e3o dos pilotos e um trabalho de afina\u00e7\u00e3o por parte das equipas que assegurem a competitividade dos carros, numa prova em que aos habituais protagonistas do ERC juntam-se especialistas locais, cujo conhecimento do tra\u00e7ado lhes d\u00e1 uma enorme vantagem.<\/p><p>Mikko Heikkil\u00e4 e Samu Vaaleri assumem, uma vez mais, os comandos do Skoda Fabia Rally2 Evo da The Racing Factory (TRF), com a dupla finlandesa a estar altamente motivada por este regresso aos pisos de terra, sua superf\u00edcie de elei\u00e7\u00e3o. Fazem-no ap\u00f3s terem brilhado em Fafe na abertura da temporada, onde s\u00f3 um furo na \u00faltima classificativa lhes retirou a vit\u00f3ria e de terem assumido uma jornada de adapta\u00e7\u00e3o e evolu\u00e7\u00e3o aos pisos de asfalto nas Can\u00e1rias. Os campe\u00f5es finlandeses v\u00e3o querer estar na discuss\u00e3o dos lugares cimeiros e, mesmo perante concorr\u00eancia muito forte e experiente, tudo fazer para estar entre os protagonistas da luta pelo p\u00f3dio absoluto do rali polaco.<\/p><p>J\u00e1 o Max McRae tem na Pol\u00f3nia a sua estreia absoluta no Junior ERC Championship. Aos 18 anos, o jovem piloto, 3\u00aa gera\u00e7\u00e3o do cl\u00e3 McRae, est\u00e1 pronto para ombrear com os restantes \u201cjovens lobos\u201d que atacam este t\u00edtulo europeu. Navegado por Macartan Kierans, o escoc\u00eas conduz pela primeira vez o Opel Corsa Rally4 da The Racing Factory, j\u00e1 depois de se ter estreado em provas europeias no Rali Terras D\u2019Aboboreira, prova em que, comandando um Peugeot 208 Rally4, provou toda a sua rapidez e capacidade para lutar por lugares de topo.<\/p><p>Alo\u00edsio Monteiro, CEO da The Racing Factory est\u00e1 muito confiante de que <strong><em>\u201ca nossa equipa est\u00e1 preparada e plenamente capaz de fazer um rali muito positivo. A nossa confian\u00e7a no talento do Mikko e do Max \u00e9 total e preparamos muito bem esta vinda \u00e0 Pol\u00f3nia, estando convicto de que encontramos boas solu\u00e7\u00f5es para os desafios particulares desta prova. O Rali \u00e9 longo, dif\u00edcil e vai de certeza provocar muitos problemas, exigindo m\u00e1xima concentra\u00e7\u00e3o de todos. A nossa ambi\u00e7\u00e3o \u00e9 grande e julgo que temos condi\u00e7\u00f5es para sair da Pol\u00f3nia com excelentes resultados nas duas frentes em que estamos envolvidos\u201d.<\/em><\/strong>.<\/p><p>O Rali da Pol\u00f3nia \u00e9 o segundo rali mais antigo do mundo, sendo apenas superado pelo Rali de Monte Carlo. Realizado pela primeira vez em 1921, este espetacular evento em pisos de terra tem-se realizado, desde 2005, em redor da pequena cidade de Miko\u0142ajki. O 79\u00ba Rali da Pol\u00f3nia ter\u00e1 uma dist\u00e2ncia total de 919 quil\u00f3metros, incluindo 16 especiais de classifica\u00e7\u00e3o, num total de 182 quil\u00f3metros cronometrados.<\/p>\t\t\t\t\t\t\t\t<\/div>\n\t\t\t\t<\/div>\n\t\t\t\t\t<\/div>\n\t\t<\/div>\n\t\t\t\t\t<\/div>\n\t\t<\/section>\n\t\t\t\t\t<\/div>\n\t\t<\/div>\n\t\t\t\t\t<\/div>\n\t\t<\/section>\n\t\t\t\t<\/div>","protected":false},"excerpt":{"rendered":"<p>The third race of the ERC starts today, and The Racing Factory presents itself in Polish lands with the ambition of fighting for glory on two fronts.<\/p>","protected":false},"author":1,"featured_media":11055,"comment_status":"closed","ping_status":"open","sticky":false,"template":"","format":"standard","meta":{"wp_social_preview_title":"","wp_social_preview_description":"","wp_social_preview_image":0,"footnotes":""},"categories":[236,41],"tags":[23,237,90,57],"class_list":["post-11050","post","type-post","status-publish","format-standard","has-post-thumbnail","hentry","category-psci","category-trf","tag-aloisio-monteiro","tag-porsche-sprint-challenge-iberica","tag-the-racing-factory","tag-trf"],"_links":{"self":[{"href":"https:\/\/www.theracingfactory.pt\/pt\/wp-json\/wp\/v2\/posts\/11050","targetHints":{"allow":["GET"]}}],"collection":[{"href":"https:\/\/www.theracingfactory.pt\/pt\/wp-json\/wp\/v2\/posts"}],"about":[{"href":"https:\/\/www.theracingfactory.pt\/pt\/wp-json\/wp\/v2\/types\/post"}],"author":[{"embeddable":true,"href":"https:\/\/www.theracingfactory.pt\/pt\/wp-json\/wp\/v2\/users\/1"}],"replies":[{"embeddable":true,"href":"https:\/\/www.theracingfactory.pt\/pt\/wp-json\/wp\/v2\/comments?post=11050"}],"version-history":[{"count":6,"href":"https:\/\/www.theracingfactory.pt\/pt\/wp-json\/wp\/v2\/posts\/11050\/revisions"}],"predecessor-version":[{"id":11058,"href":"https:\/\/www.theracingfactory.pt\/pt\/wp-json\/wp\/v2\/posts\/11050\/revisions\/11058"}],"wp:featuredmedia":[{"embeddable":true,"href":"https:\/\/www.theracingfactory.pt\/pt\/wp-json\/wp\/v2\/media\/11055"}],"wp:attachment":[{"href":"https:\/\/www.theracingfactory.pt\/pt\/wp-json\/wp\/v2\/media?parent=11050"}],"wp:term":[{"taxonomy":"category","embeddable":true,"href":"https:\/\/www.theracingfactory.pt\/pt\/wp-json\/wp\/v2\/categories?post=11050"},{"taxonomy":"post_tag","embeddable":true,"href":"https:\/\/www.theracingfactory.pt\/pt\/wp-json\/wp\/v2\/tags?post=11050"}],"curies":[{"name":"wp","href":"https:\/\/api.w.org\/{rel}","templated":true}]}}