{"id":11064,"date":"2023-05-25T20:37:11","date_gmt":"2023-05-25T20:37:11","guid":{"rendered":"https:\/\/www.theracingfactory.pt\/?p=11064"},"modified":"2025-04-29T10:54:46","modified_gmt":"2025-04-29T10:54:46","slug":"pedro-salvador-and-aloisio-monteiro-ready-and-motivated-for-motorland","status":"publish","type":"post","link":"https:\/\/www.theracingfactory.pt\/pt\/pedro-salvador-and-aloisio-monteiro-ready-and-motivated-for-motorland\/","title":{"rendered":"Pedro Salvador e Alo\u00edsio Monteiro prontos e motivados para Motorland"},"content":{"rendered":"<div data-elementor-type=\"wp-post\" data-elementor-id=\"11064\" class=\"elementor elementor-11064\">\n\t\t\t\t\t\t<section class=\"elementor-section elementor-top-section elementor-element elementor-element-84933de elementor-section-boxed elementor-section-height-default elementor-section-height-default\" data-id=\"84933de\" data-element_type=\"section\" data-e-type=\"section\" data-settings=\"{&quot;background_background&quot;:&quot;gradient&quot;}\">\n\t\t\t\t\t\t<div class=\"elementor-container elementor-column-gap-default\">\n\t\t\t\t\t<div class=\"elementor-column elementor-col-100 elementor-top-column elementor-element elementor-element-45ce2785\" data-id=\"45ce2785\" data-element_type=\"column\" data-e-type=\"column\" data-settings=\"{&quot;background_background&quot;:&quot;classic&quot;}\">\n\t\t\t<div class=\"elementor-widget-wrap elementor-element-populated\">\n\t\t\t\t\t\t<section class=\"elementor-section elementor-inner-section elementor-element elementor-element-1702ca22 elementor-section-full_width elementor-section-height-default elementor-section-height-default\" data-id=\"1702ca22\" data-element_type=\"section\" data-e-type=\"section\">\n\t\t\t\t\t\t<div class=\"elementor-container elementor-column-gap-no\">\n\t\t\t\t\t<div class=\"elementor-column elementor-col-100 elementor-inner-column elementor-element elementor-element-3f02fcf2\" data-id=\"3f02fcf2\" data-element_type=\"column\" data-e-type=\"column\">\n\t\t\t<div class=\"elementor-widget-wrap elementor-element-populated\">\n\t\t\t\t\t\t<div class=\"elementor-element elementor-element-2958882 elementor-widget elementor-widget-heading\" data-id=\"2958882\" data-element_type=\"widget\" data-e-type=\"widget\" data-widget_type=\"heading.default\">\n\t\t\t\t<div class=\"elementor-widget-container\">\n\t\t\t\t\t<h2 class=\"elementor-heading-title elementor-size-default\">Pedro Salvador e Alo\u00edsio Monteiro prontos e motivados para Motorland<\/h2>\t\t\t\t<\/div>\n\t\t\t\t<\/div>\n\t\t\t\t<div class=\"elementor-element elementor-element-3aa8c26b elementor-widget elementor-widget-text-editor\" data-id=\"3aa8c26b\" data-element_type=\"widget\" data-e-type=\"widget\" data-widget_type=\"text-editor.default\">\n\t\t\t\t<div class=\"elementor-widget-container\">\n\t\t\t\t\t\t\t\t\t<ul><li><strong>A dupla de pilotos dos Porsche 991 GT3 CUP da The Racing Factory encara com muita ambi\u00e7\u00e3o a segunda dupla jornada da Porsche Sprint Challenge Ib\u00e9rica; <\/strong><\/li><li><strong>Salvador lidera o campeonato \u00e0 geral e Alo\u00edsio est\u00e1 no 2\u00ba lugar da Categoria GD;<\/strong><\/li><\/ul><p>\u00a0<\/p><p><span style=\"background-color: transparent; font-size: var( --e-global-typography-text-font-size ); text-indent: -18pt; color: var( --e-global-color-text ); font-weight: var( --e-global-typography-text-font-weight ); text-transform: var( --e-global-typography-text-text-transform ); font-family: Cambria, serif;\">O circuito de Motorland, na comunidade de Aragon, ser\u00e1 o palco no pr\u00f3ximo fim-de-semana (27 e 28 de maio), da longa e desafiante<\/span><sup style=\"background-color: transparent; text-indent: -18pt; color: var( --e-global-color-text ); font-style: var( --e-global-typography-text-font-style ); font-weight: var( --e-global-typography-text-font-weight ); text-transform: var( --e-global-typography-text-text-transform ); font-family: Cambria, serif;\">nd<\/sup><span style=\"background-color: transparent; font-size: var( --e-global-typography-text-font-size ); text-indent: -18pt; color: var( --e-global-color-text ); font-weight: var( --e-global-typography-text-font-weight ); text-transform: var( --e-global-typography-text-text-transform ); font-family: Cambria, serif;\"> jornada da Porsche Sprint Challenge competi\u00e7\u00e3o organizada pela P21 Motorsport e que, nesta \u00e9poca de estreia, tem ostentado um alt\u00edssimo n\u00edvel competitivo.<\/span><\/p><p style=\"margin-top: 6.0pt; text-align: justify;\"><span lang=\"EN\" style=\"font-family: 'Cambria',serif; mso-ansi-language: EN;\">E depois do duplo-duplo p\u00f3dio que Pedro Salvador e Alo\u00edsio Monteiro assinaram no arranque da competi\u00e7\u00e3o em Portim\u00e3o, fa\u00e7anha que permitiu a Salvador assumir o comando pontual do campeonato \u00e0 geral, enquanto o seu colega de equipa e CEO da The Racing Factory (TRF) se colocava no 2\u00ba lugar da Categoria GD, a equipa e os pilotos querem manter ou mesmo melhorar as exibi\u00e7\u00f5es e os resultados obtidos na jornada 1. <\/span><\/p><p style=\"margin-top: 6.0pt; text-align: justify;\"><span lang=\"EN\" style=\"font-family: 'Cambria',serif; mso-ansi-language: EN;\">Agora Motorland e para Pedro Salvador, a passagem pelo circuito aragon\u00eas \u00e9 raz\u00e3o para se sentir <b>\u201centusiasmado. Motorland \u00e9 um circuito de que gosto imenso e de onde tenho boas mem\u00f3rias. Vai ser uma boa oportunidade para melhorar o que fizemos em Portim\u00e3o. Esse primeiro fim-de-semana foi bom, mas aqu\u00e9m do que desejava. Queria ter sido mais competitivo. Mas estamos \u00e0 frente do campeonato e nesta segunda jornada o foco ser\u00e1 defender e, se poss\u00edvel refor\u00e7ar a lideran\u00e7a, bem como trabalhar com a equipa para todos evoluirmos nesta nova fase da TRF. Estou convicto de que a equipa vai estar muito mais oleada e julgo que teremos todas as condi\u00e7\u00f5es para sermos competitivos e tentar vencer\u201d.<\/b>. <\/span><\/p><p style=\"margin-top: 6.0pt; text-align: justify;\"><span lang=\"EN\" style=\"font-family: 'Cambria',serif; mso-ansi-language: EN;\">Pelo mesmo diapas\u00e3o afinam as declara\u00e7\u00f5es de Alo\u00edsio Monteiro. <\/span><\/p><p style=\"margin-top: 6.0pt; text-align: justify;\"><span lang=\"EN\" style=\"font-family: 'Cambria',serif; mso-ansi-language: EN;\">O \u201dpatr\u00e3o\u201d da TRF est\u00e1 certo de que <b>\u201cestaremos na luta pelas vit\u00f3rias com o Pedro Salvador. No arranque da temporada, ele demonstrou que tem tudo para ganhar corridas e ser campe\u00e3o e a equipa esteve sempre capaz de o ajudar e seguir todos os seus preciosos concelhos para desenvolver o carro. Para a TRF esta \u00e9 uma \u00e9poca de estreia na velocidade, mas, o facto de ser um ano de aprendizagem, n\u00e3o significa que n\u00e3o queiramos ser competitivos e dar o nosso m\u00e1ximo para conseguir vencer. Esse \u00e9 o nosso DNA!\u201d.<\/b>. <\/span><\/p><p style=\"margin-top: 6.0pt; text-align: justify;\"><span lang=\"EN\" style=\"font-family: 'Cambria',serif; mso-ansi-language: EN;\">Quanto \u00e0s suas aspira\u00e7\u00f5es como piloto, Alo\u00edsio sente-se <b>\u201cmuito calmo e motivado. Uma vez mais, vou descobrir um circuito e ser\u00e1 apenas a segunda jornada dupla em que guiarei o Porsche. S\u00e3o dois fatores que exigem de mim todo o cuidado, utilizando bem as sess\u00f5es de treinos para evoluir, deixando o ritmo mais forte para as corridas. Estou em 2\u00ba do campeonato dos GD e tudo farei para repetir os resultados de Portim\u00e3o!\u201d.<\/b>. <\/span><\/p><p style=\"margin-top: 6.0pt; text-align: justify;\"><span lang=\"EN\" style=\"font-family: 'Cambria',serif; mso-ansi-language: EN;\">As duas corridas da jornada ser\u00e3o transmitidas em live streaming, no canal Youtube da Porsche Sprint Challenge Ib\u00e9rica:<br \/><\/span><a style=\"background-color: #000000; font-family: var( --e-global-typography-text-font-family ), Sans-serif; font-size: var( --e-global-typography-text-font-size ); font-style: var( --e-global-typography-text-font-style ); font-weight: var( --e-global-typography-text-font-weight ); text-transform: var( --e-global-typography-text-text-transform );\" href=\"https:\/\/youtube.com\/@porschesprintchallengeib-uu5or\"><span style=\"font-family: 'Cambria',serif;\">https:\/\/youtube.com\/@porschesprintchallengeib-uu5or<\/span><\/a><\/p><p style=\"margin-top: 6.0pt; text-align: justify;\"><span style=\"font-family: 'Cambria',serif;\">\u00a0<\/span><\/p><p style=\"margin-top: 6.0pt; text-align: justify;\"><b><span lang=\"EN-US\" style=\"font-family: 'Cambria',serif; mso-ansi-language: EN-US;\">PROGRAMA EM MOTORLAND*<\/span><\/b><\/p><p style=\"margin-top: 6.0pt; text-align: justify;\"><b><u><span lang=\"EN-US\" style=\"font-family: 'Cambria',serif; mso-ansi-language: EN-US;\">S\u00e1bado (27 maio)<\/span><\/u><\/b><span lang=\"EN-US\" style=\"font-family: 'Cambria',serif; mso-ansi-language: EN-US;\"> (27th May)<\/span><\/p><p style=\"margin-top: 6.0pt; text-align: justify;\"><span lang=\"EN-US\" style=\"font-family: 'Cambria',serif; mso-ansi-language: EN-US;\">10:40\/11:20 \u2013 Treino Livre 1<br \/><\/span><span style=\"font-family: Cambria, serif; color: var( --e-global-color-text ); font-size: var( --e-global-typography-text-font-size ); font-weight: var( --e-global-typography-text-font-weight ); text-transform: var( --e-global-typography-text-text-transform );\">13:10\/13:50 \u2013 Treino Livre 2<br \/><\/span><span style=\"font-family: Cambria, serif; color: var( --e-global-color-text ); font-size: var( --e-global-typography-text-font-size ); font-weight: var( --e-global-typography-text-font-weight ); text-transform: var( --e-global-typography-text-text-transform );\">15:35\/15:55 \u2013 Treino Cronometrado 1<br \/><\/span><span style=\"font-family: Cambria, serif; color: var( --e-global-color-text ); font-size: var( --e-global-typography-text-font-size ); font-weight: var( --e-global-typography-text-font-weight ); text-transform: var( --e-global-typography-text-text-transform );\">18:35\/19:10 \u2013 Corrida 1 (28\u2019 + 1 volta)<\/span><\/p><p style=\"margin-top: 6.0pt; text-align: justify;\"><b><u><span lang=\"EN-US\" style=\"font-family: 'Cambria',serif; mso-ansi-language: EN-US;\">Domingo (28 maio)<\/span><\/u><\/b><span lang=\"EN-US\" style=\"font-family: 'Cambria',serif; mso-ansi-language: EN-US;\"> (28<sup>th<\/sup> May)<\/span><\/p><p style=\"margin-top: 6.0pt; text-align: justify;\"><span lang=\"EN-US\" style=\"font-family: 'Cambria',serif; mso-ansi-language: EN-US;\">10:25\/10:45 \u2013 Treino Cronometrado 2<br \/><\/span><span style=\"font-family: Cambria, serif; color: var( --e-global-color-text ); font-size: var( --e-global-typography-text-font-size ); font-weight: var( --e-global-typography-text-font-weight ); text-transform: var( --e-global-typography-text-text-transform );\">15:10\/15:45 \u2013 Corrida 2 (28\u2019 + 1 volta)<\/span><\/p><p style=\"margin-top: 6.0pt; text-align: justify;\"><span style=\"font-family: 'Cambria',serif;\">(*) Hora espanhola<\/span><\/p>\t\t\t\t\t\t\t\t<\/div>\n\t\t\t\t<\/div>\n\t\t\t\t\t<\/div>\n\t\t<\/div>\n\t\t\t\t\t<\/div>\n\t\t<\/section>\n\t\t\t\t\t<\/div>\n\t\t<\/div>\n\t\t\t\t\t<\/div>\n\t\t<\/section>\n\t\t\t\t<\/div>","protected":false},"excerpt":{"rendered":"<p>A dupla de pilotos dos Porsche 991 GT3 CUP da The Racing Factory encara com muita ambi\u00e7\u00e3o a segunda dupla jornada da Porsche Sprint Challenge Ib\u00e9rica; <\/p>","protected":false},"author":1,"featured_media":11065,"comment_status":"closed","ping_status":"open","sticky":false,"template":"","format":"standard","meta":{"wp_social_preview_title":"","wp_social_preview_description":"","wp_social_preview_image":0,"footnotes":""},"categories":[236,41],"tags":[23,237,90,57],"class_list":["post-11064","post","type-post","status-publish","format-standard","has-post-thumbnail","hentry","category-psci","category-trf","tag-aloisio-monteiro","tag-porsche-sprint-challenge-iberica","tag-the-racing-factory","tag-trf"],"_links":{"self":[{"href":"https:\/\/www.theracingfactory.pt\/pt\/wp-json\/wp\/v2\/posts\/11064","targetHints":{"allow":["GET"]}}],"collection":[{"href":"https:\/\/www.theracingfactory.pt\/pt\/wp-json\/wp\/v2\/posts"}],"about":[{"href":"https:\/\/www.theracingfactory.pt\/pt\/wp-json\/wp\/v2\/types\/post"}],"author":[{"embeddable":true,"href":"https:\/\/www.theracingfactory.pt\/pt\/wp-json\/wp\/v2\/users\/1"}],"replies":[{"embeddable":true,"href":"https:\/\/www.theracingfactory.pt\/pt\/wp-json\/wp\/v2\/comments?post=11064"}],"version-history":[{"count":6,"href":"https:\/\/www.theracingfactory.pt\/pt\/wp-json\/wp\/v2\/posts\/11064\/revisions"}],"predecessor-version":[{"id":11071,"href":"https:\/\/www.theracingfactory.pt\/pt\/wp-json\/wp\/v2\/posts\/11064\/revisions\/11071"}],"wp:featuredmedia":[{"embeddable":true,"href":"https:\/\/www.theracingfactory.pt\/pt\/wp-json\/wp\/v2\/media\/11065"}],"wp:attachment":[{"href":"https:\/\/www.theracingfactory.pt\/pt\/wp-json\/wp\/v2\/media?parent=11064"}],"wp:term":[{"taxonomy":"category","embeddable":true,"href":"https:\/\/www.theracingfactory.pt\/pt\/wp-json\/wp\/v2\/categories?post=11064"},{"taxonomy":"post_tag","embeddable":true,"href":"https:\/\/www.theracingfactory.pt\/pt\/wp-json\/wp\/v2\/tags?post=11064"}],"curies":[{"name":"wp","href":"https:\/\/api.w.org\/{rel}","templated":true}]}}