{"id":11090,"date":"2023-06-14T10:41:12","date_gmt":"2023-06-14T10:41:12","guid":{"rendered":"https:\/\/www.theracingfactory.pt\/?p=11090"},"modified":"2025-04-29T10:54:46","modified_gmt":"2025-04-29T10:54:46","slug":"the-racing-factory-fights-on-three-fronts-next-weekend","status":"publish","type":"post","link":"https:\/\/www.theracingfactory.pt\/pt\/the-racing-factory-fights-on-three-fronts-next-weekend\/","title":{"rendered":"The Racing Factory \u201ccombate\u201d em tr\u00eas frentes no pr\u00f3ximo fim-de-semana"},"content":{"rendered":"<div data-elementor-type=\"wp-post\" data-elementor-id=\"11090\" class=\"elementor elementor-11090\">\n\t\t\t\t\t\t<section class=\"elementor-section elementor-top-section elementor-element elementor-element-84933de elementor-section-boxed elementor-section-height-default elementor-section-height-default\" data-id=\"84933de\" data-element_type=\"section\" data-e-type=\"section\" data-settings=\"{&quot;background_background&quot;:&quot;gradient&quot;}\">\n\t\t\t\t\t\t<div class=\"elementor-container elementor-column-gap-default\">\n\t\t\t\t\t<div class=\"elementor-column elementor-col-100 elementor-top-column elementor-element elementor-element-45ce2785\" data-id=\"45ce2785\" data-element_type=\"column\" data-e-type=\"column\" data-settings=\"{&quot;background_background&quot;:&quot;classic&quot;}\">\n\t\t\t<div class=\"elementor-widget-wrap elementor-element-populated\">\n\t\t\t\t\t\t<section class=\"elementor-section elementor-inner-section elementor-element elementor-element-1702ca22 elementor-section-full_width elementor-section-height-default elementor-section-height-default\" data-id=\"1702ca22\" data-element_type=\"section\" data-e-type=\"section\">\n\t\t\t\t\t\t<div class=\"elementor-container elementor-column-gap-no\">\n\t\t\t\t\t<div class=\"elementor-column elementor-col-100 elementor-inner-column elementor-element elementor-element-3f02fcf2\" data-id=\"3f02fcf2\" data-element_type=\"column\" data-e-type=\"column\">\n\t\t\t<div class=\"elementor-widget-wrap elementor-element-populated\">\n\t\t\t\t\t\t<div class=\"elementor-element elementor-element-2958882 elementor-widget elementor-widget-heading\" data-id=\"2958882\" data-element_type=\"widget\" data-e-type=\"widget\" data-widget_type=\"heading.default\">\n\t\t\t\t<div class=\"elementor-widget-container\">\n\t\t\t\t\t<h2 class=\"elementor-heading-title elementor-size-default\">The Racing Factory \u201ccombate\u201d em tr\u00eas frentes no pr\u00f3ximo fim-de-semana<\/h2>\t\t\t\t<\/div>\n\t\t\t\t<\/div>\n\t\t\t\t<div class=\"elementor-element elementor-element-3aa8c26b elementor-widget elementor-widget-text-editor\" data-id=\"3aa8c26b\" data-element_type=\"widget\" data-e-type=\"widget\" data-widget_type=\"text-editor.default\">\n\t\t\t\t<div class=\"elementor-widget-container\">\n\t\t\t\t\t\t\t\t\t<ul><li><strong>Armindo Ara\u00fajo estreia no Rally de Lisboa o novo Skoda Fabia RS, de olhos postos na conquista da Ta\u00e7a de Portugal de Ralis;<\/strong><\/li><li><strong>J\u00e1 na Let\u00f4nia, Mikko Heikkil\u00e4 estar\u00e1 ao ataque dos lugares cimeiros da geral em mais uma prova do ERC, enquanto Max McRae ter\u00e1 como alvo amealhar pontos preciosos na luta do J\u00fanior ERC.<\/strong><\/li><li><strong>Por sua vez, Iago Gabeiras enfrenta a 3\u00aa prova da Peugeot Rally Cup Ib\u00e9rica, que se disputa no Rally Ourense Recalvi.<\/strong><\/li><\/ul><p>\u00a0<\/p><p>No espa\u00e7o de tr\u00eas dias (16, 17 e 18 de junho), a estrutura da The Racing Factory ter\u00e1 pela frente um triplo desafio de grande dimens\u00e3o, quer em termos t\u00e9cnicos, quer em termos humanos e log\u00edsticos.<\/p><p>Em Portugal, a TRF estar\u00e1 presente no Rally de Lisboa, onde, pelas m\u00e3os da dupla campe\u00e3o nacional formada por Armindo Ara\u00fajo e Lu\u00eds Ramalho, estrear\u00e1 o novo Skoda Fabia RS, naquele que ser\u00e1 um exigente teste de prepara\u00e7\u00e3o para a segunda parte da \u00e9poca do Campeonato de Portugal de Ralis, integralmente disputada em pisos de asfalto.<\/p><p>Mas o rali mais perto da capital portuguesa apresenta-se na edi\u00e7\u00e3o deste ano com import\u00e2ncia acrescida, pois consagrar\u00e1 o vencedor da Ta\u00e7a de Portugal de Ralis 2023, trof\u00e9u que a dupla da The Racing Factory tudo far\u00e1 para vencer, aumentando os j\u00e1 ricos palmar\u00e9s individuais e da equipa.<\/p><p>\u00a0O Rally de Lisboa ter\u00e1 como palco os concelhos de Loures, Vila Franca de Xira, Sobral de Monte Agra\u00e7o, Arruda dos Vinhos, Alenquer e Cadaval, munic\u00edpios estes todos a norte de Lisboa. A estrutura da prova na estrada ser\u00e1 dividida em 11 Provas Especiais de Classifica\u00e7\u00e3o, disputadas durante os dias 17 e 18 de junho.<\/p><p>J\u00e1 na vizinha regi\u00e3o da Galiza, no Norte de Espanha, ser\u00e1 o Rallye Ourense Recalvi a concentrar as aten\u00e7\u00f5es da equipa.<\/p><p>Iago Gabeiras e Adri\u00e1n Varela estar\u00e3o aos comandos do Peugeot 208 Rally4 da TRF e partem altamente motivados para lutar pela vit\u00f3ria na Peugeot Rally Cup Ib\u00e9rica.<\/p><p>Ocupando a 2\u00aa posi\u00e7\u00e3o ap\u00f3s as duas primeiras provas, apenas a 4 pontos da lideran\u00e7a, Iago Gabeiras corre \u201cem casa\u201d, num terreno que conhece de forma profunda, estando claramente entre os favoritos ao triunfo da competi\u00e7\u00e3o particular da marca francesa.<\/p><p>A 56\u00aa edi\u00e7\u00e3o do Rallye Ourense Recalvi conta com 12 classificativas, disputadas nos dias 16 e 17 de junho, que totalizam 163,6 quil\u00f3metros contra o cron\u00f3metro.<\/p><p>Bem a norte da Europa, \u00e9 a vez da Let\u00f4nia receber o ERC-European Rally Championship e a The Racing Factory volta a depositar confian\u00e7a nas duplas lideradas por Mikko Heikkil\u00e4 e Max McRae.<\/p><p>Quanto ao campe\u00e3o finland\u00eas, este Tet Rally Liep\u0101ja assume-se como uma oportunidade de ouro para voltar a estar na luta pelos lugares do p\u00f3dio e, se poss\u00edvel, pela vit\u00f3ria na prova, resultado que, por tudo quanto tem vindo a fazer aos comandos do Skoda Fabia Rally 2 EVO da TRF, o piloto navegado pelo seu compatriota Samu Vaaleri j\u00e1 merece alcan\u00e7ar.<\/p><p>O jovem McRae, que tem como copiloto Macartan Kierans, v\u00ea no rali mais uma excelente oportunidade para dar continuidade \u00e0 sua evolu\u00e7\u00e3o, quer na adapta\u00e7\u00e3o ao Opel Corsa Rally4, quer no que respeita ao ritmo de corrida, assumindo como objetivo pontuar de forma s\u00f3lida dentro do pelot\u00e3o do J\u00fanior ERC.<\/p><p>As duas duplas The Racing Factory ter\u00e3o pela frente na prova let\u00e3 183,7 quil\u00f3metros divididos por 10 classificativas, disputadas nos dias 17 e 18 de junho.<\/p><p class=\"translation-block\">Mas mesmo perante um fim-de-semana t\u00e3o desafiante, Alo\u00edsio Monteiro, CEO da The Racing Factory n\u00e3o muda o discurso, assumindo que<strong> \u201ca TRF tem demonstrado, desde o seu nascimento, que, onde entra, \u00e9 para discutir vitorias e t\u00edtulos. Temos total no\u00e7\u00e3o de que o pr\u00f3ximo fim-de-semana ser\u00e1 um dos mais exigentes da \u00e9poca, mas tamb\u00e9m se apresenta como uma tripla oportunidade de discutir os lugares cimeiros nas quatro frentes e que as nossas duplas estar\u00e3o envolvidas e, quando falo de lugares cimeiros, falo de posi\u00e7\u00f5es no p\u00f3dio e discuss\u00e3o das vit\u00f3rias\u201d<\/strong>.<\/p><p class=\"translation-block\"><strong>\u201cTemos um t\u00edtulo que podemos ganhar em Lisboa, com o Armindo, o que seria extraordin\u00e1rio na estreia do nosso novo Skoda Fabia RS, sendo para a TRF motivo de grande orgulho sermos a primeira estrutura nacional a quem a Skoda Motorsport entrega uma unidade\u201d<\/strong>, enfatiza.<\/p><p class=\"translation-block\">Nas outras frentes, Alo\u00edsio Monteiro considera que \u201co Iago j\u00e1 provou que est\u00e1 na Peugeot Rally Cup Ib\u00e9rica para a vencer e o Mikko j\u00e1 merece chegar \u00e0 uma vit\u00f3ria num rali do Europeu. Quanto ao Max, a prova ser\u00e1 mais um passo para se tornar o piloto de topo que a nossa equipa considera que vai ser num futuro pr\u00f3ximo\u201d, assumindo ainda \u201cgrande orgulho por todos os nossos elementos da equipa t\u00e9cnica que, uma vez mais, fizeram um trabalho magn\u00edfico, deste feita na prepara\u00e7\u00e3o destas importantes tr\u00eas provas\u201d.<\/p>\t\t\t\t\t\t\t\t<\/div>\n\t\t\t\t<\/div>\n\t\t\t\t\t<\/div>\n\t\t<\/div>\n\t\t\t\t\t<\/div>\n\t\t<\/section>\n\t\t\t\t\t<\/div>\n\t\t<\/div>\n\t\t\t\t\t<\/div>\n\t\t<\/section>\n\t\t\t\t<section class=\"elementor-section elementor-top-section elementor-element elementor-element-6608c99 elementor-section-boxed elementor-section-height-default elementor-section-height-default\" data-id=\"6608c99\" data-element_type=\"section\" data-e-type=\"section\">\n\t\t\t\t\t\t<div class=\"elementor-container elementor-column-gap-default\">\n\t\t\t\t\t<div class=\"elementor-column elementor-col-100 elementor-top-column elementor-element elementor-element-6435b19\" data-id=\"6435b19\" data-element_type=\"column\" data-e-type=\"column\">\n\t\t\t<div class=\"elementor-widget-wrap elementor-element-populated\">\n\t\t\t\t\t\t<div class=\"elementor-element elementor-element-6aea466 elementor-widget elementor-widget-heading\" data-id=\"6aea466\" data-element_type=\"widget\" data-e-type=\"widget\" data-widget_type=\"heading.default\">\n\t\t\t\t<div class=\"elementor-widget-container\">\n\t\t\t\t\t<h3 class=\"elementor-heading-title elementor-size-default\">Images<\/h3>\t\t\t\t<\/div>\n\t\t\t\t<\/div>\n\t\t\t\t<div class=\"elementor-element elementor-element-8eb2fd5 elementor-widget elementor-widget-image-gallery\" data-id=\"8eb2fd5\" data-element_type=\"widget\" data-e-type=\"widget\" data-widget_type=\"image-gallery.default\">\n\t\t\t\t<div class=\"elementor-widget-container\">\n\t\t\t\t\t\t\t<div class=\"elementor-image-gallery\">\n\t\t\t<div id='gallery-1' class='gallery galleryid-11090 gallery-columns-4 gallery-size-medium_large'><figure class='gallery-item'>\n\t\t\t<div class='gallery-icon landscape'>\n\t\t\t\t<a data-elementor-open-lightbox=\"yes\" data-elementor-lightbox-slideshow=\"8eb2fd5\" data-elementor-lightbox-title=\"ZM1_VRP_2023_1097\" data-e-action-hash=\"#elementor-action%3Aaction%3Dlightbox%26settings%3DeyJpZCI6MTEwOTIsInVybCI6Imh0dHBzOlwvXC93d3cudGhlcmFjaW5nZmFjdG9yeS5wdFwvd3AtY29udGVudFwvdXBsb2Fkc1wvMjAyM1wvMDZcL1pNMV9WUlBfMjAyM18xMDk3LXNjYWxlZC5qcGciLCJzbGlkZXNob3ciOiI4ZWIyZmQ1In0%3D\" href='https:\/\/www.theracingfactory.pt\/wp-content\/uploads\/2023\/06\/ZM1_VRP_2023_1097-scaled.jpg'><img fetchpriority=\"high\" width=\"768\" height=\"512\" src=\"https:\/\/www.theracingfactory.pt\/wp-content\/uploads\/2023\/06\/ZM1_VRP_2023_1097-768x512.jpg\" class=\"attachment-medium_large size-medium_large\" alt=\"\" decoding=\"async\" srcset=\"https:\/\/www.theracingfactory.pt\/wp-content\/uploads\/2023\/06\/ZM1_VRP_2023_1097-768x512.jpg 768w, https:\/\/www.theracingfactory.pt\/wp-content\/uploads\/2023\/06\/ZM1_VRP_2023_1097-300x200.jpg 300w, https:\/\/www.theracingfactory.pt\/wp-content\/uploads\/2023\/06\/ZM1_VRP_2023_1097-1024x683.jpg 1024w, https:\/\/www.theracingfactory.pt\/wp-content\/uploads\/2023\/06\/ZM1_VRP_2023_1097-1536x1024.jpg 1536w, https:\/\/www.theracingfactory.pt\/wp-content\/uploads\/2023\/06\/ZM1_VRP_2023_1097-2048x1365.jpg 2048w, https:\/\/www.theracingfactory.pt\/wp-content\/uploads\/2023\/06\/ZM1_VRP_2023_1097-18x12.jpg 18w, https:\/\/www.theracingfactory.pt\/wp-content\/uploads\/2023\/06\/ZM1_VRP_2023_1097-600x400.jpg 600w\" sizes=\"(max-width: 768px) 100vw, 768px\" \/><\/a>\n\t\t\t<\/div><\/figure><figure class='gallery-item'>\n\t\t\t<div class='gallery-icon landscape'>\n\t\t\t\t<a data-elementor-open-lightbox=\"yes\" data-elementor-lightbox-slideshow=\"8eb2fd5\" data-elementor-lightbox-title=\"M62_9026\" data-e-action-hash=\"#elementor-action%3Aaction%3Dlightbox%26settings%3DeyJpZCI6MTEwOTMsInVybCI6Imh0dHBzOlwvXC93d3cudGhlcmFjaW5nZmFjdG9yeS5wdFwvd3AtY29udGVudFwvdXBsb2Fkc1wvMjAyM1wvMDZcL002Ml85MDI2LXNjYWxlZC5qcGciLCJzbGlkZXNob3ciOiI4ZWIyZmQ1In0%3D\" href='https:\/\/www.theracingfactory.pt\/wp-content\/uploads\/2023\/06\/M62_9026-scaled.jpg'><img width=\"768\" height=\"512\" src=\"https:\/\/www.theracingfactory.pt\/wp-content\/uploads\/2023\/06\/M62_9026-768x512.jpg\" class=\"attachment-medium_large size-medium_large\" alt=\"\" decoding=\"async\" srcset=\"https:\/\/www.theracingfactory.pt\/wp-content\/uploads\/2023\/06\/M62_9026-768x512.jpg 768w, https:\/\/www.theracingfactory.pt\/wp-content\/uploads\/2023\/06\/M62_9026-300x200.jpg 300w, https:\/\/www.theracingfactory.pt\/wp-content\/uploads\/2023\/06\/M62_9026-1024x683.jpg 1024w, https:\/\/www.theracingfactory.pt\/wp-content\/uploads\/2023\/06\/M62_9026-1536x1024.jpg 1536w, https:\/\/www.theracingfactory.pt\/wp-content\/uploads\/2023\/06\/M62_9026-2048x1365.jpg 2048w, https:\/\/www.theracingfactory.pt\/wp-content\/uploads\/2023\/06\/M62_9026-18x12.jpg 18w, https:\/\/www.theracingfactory.pt\/wp-content\/uploads\/2023\/06\/M62_9026-600x400.jpg 600w\" sizes=\"(max-width: 768px) 100vw, 768px\" \/><\/a>\n\t\t\t<\/div><\/figure><figure class='gallery-item'>\n\t\t\t<div class='gallery-icon landscape'>\n\t\t\t\t<a data-elementor-open-lightbox=\"yes\" data-elementor-lightbox-slideshow=\"8eb2fd5\" data-elementor-lightbox-title=\"M61_1840\" data-e-action-hash=\"#elementor-action%3Aaction%3Dlightbox%26settings%3DeyJpZCI6MTEwOTQsInVybCI6Imh0dHBzOlwvXC93d3cudGhlcmFjaW5nZmFjdG9yeS5wdFwvd3AtY29udGVudFwvdXBsb2Fkc1wvMjAyM1wvMDZcL002MV8xODQwLXNjYWxlZC5qcGciLCJzbGlkZXNob3ciOiI4ZWIyZmQ1In0%3D\" href='https:\/\/www.theracingfactory.pt\/wp-content\/uploads\/2023\/06\/M61_1840-scaled.jpg'><img width=\"768\" height=\"512\" src=\"https:\/\/www.theracingfactory.pt\/wp-content\/uploads\/2023\/06\/M61_1840-768x512.jpg\" class=\"attachment-medium_large size-medium_large\" alt=\"\" decoding=\"async\" srcset=\"https:\/\/www.theracingfactory.pt\/wp-content\/uploads\/2023\/06\/M61_1840-768x512.jpg 768w, https:\/\/www.theracingfactory.pt\/wp-content\/uploads\/2023\/06\/M61_1840-300x200.jpg 300w, https:\/\/www.theracingfactory.pt\/wp-content\/uploads\/2023\/06\/M61_1840-1024x683.jpg 1024w, https:\/\/www.theracingfactory.pt\/wp-content\/uploads\/2023\/06\/M61_1840-1536x1025.jpg 1536w, https:\/\/www.theracingfactory.pt\/wp-content\/uploads\/2023\/06\/M61_1840-2048x1366.jpg 2048w, https:\/\/www.theracingfactory.pt\/wp-content\/uploads\/2023\/06\/M61_1840-18x12.jpg 18w, https:\/\/www.theracingfactory.pt\/wp-content\/uploads\/2023\/06\/M61_1840-600x400.jpg 600w\" sizes=\"(max-width: 768px) 100vw, 768px\" \/><\/a>\n\t\t\t<\/div><\/figure><figure class='gallery-item'>\n\t\t\t<div class='gallery-icon landscape'>\n\t\t\t\t<a data-elementor-open-lightbox=\"yes\" data-elementor-lightbox-slideshow=\"8eb2fd5\" data-elementor-lightbox-title=\"ZM1_VRP_2023_1196\" data-e-action-hash=\"#elementor-action%3Aaction%3Dlightbox%26settings%3DeyJpZCI6MTEwOTUsInVybCI6Imh0dHBzOlwvXC93d3cudGhlcmFjaW5nZmFjdG9yeS5wdFwvd3AtY29udGVudFwvdXBsb2Fkc1wvMjAyM1wvMDZcL1pNMV9WUlBfMjAyM18xMTk2LXNjYWxlZC5qcGciLCJzbGlkZXNob3ciOiI4ZWIyZmQ1In0%3D\" href='https:\/\/www.theracingfactory.pt\/wp-content\/uploads\/2023\/06\/ZM1_VRP_2023_1196-scaled.jpg'><img loading=\"lazy\" width=\"768\" height=\"512\" src=\"https:\/\/www.theracingfactory.pt\/wp-content\/uploads\/2023\/06\/ZM1_VRP_2023_1196-768x512.jpg\" class=\"attachment-medium_large size-medium_large\" alt=\"\" decoding=\"async\" srcset=\"https:\/\/www.theracingfactory.pt\/wp-content\/uploads\/2023\/06\/ZM1_VRP_2023_1196-768x512.jpg 768w, https:\/\/www.theracingfactory.pt\/wp-content\/uploads\/2023\/06\/ZM1_VRP_2023_1196-300x200.jpg 300w, https:\/\/www.theracingfactory.pt\/wp-content\/uploads\/2023\/06\/ZM1_VRP_2023_1196-1024x683.jpg 1024w, https:\/\/www.theracingfactory.pt\/wp-content\/uploads\/2023\/06\/ZM1_VRP_2023_1196-1536x1024.jpg 1536w, https:\/\/www.theracingfactory.pt\/wp-content\/uploads\/2023\/06\/ZM1_VRP_2023_1196-2048x1365.jpg 2048w, https:\/\/www.theracingfactory.pt\/wp-content\/uploads\/2023\/06\/ZM1_VRP_2023_1196-18x12.jpg 18w, https:\/\/www.theracingfactory.pt\/wp-content\/uploads\/2023\/06\/ZM1_VRP_2023_1196-600x400.jpg 600w\" sizes=\"(max-width: 768px) 100vw, 768px\" \/><\/a>\n\t\t\t<\/div><\/figure>\n\t\t<\/div>\n\t\t<\/div>\n\t\t\t\t\t\t<\/div>\n\t\t\t\t<\/div>\n\t\t\t\t\t<\/div>\n\t\t<\/div>\n\t\t\t\t\t<\/div>\n\t\t<\/section>\n\t\t\t\t<\/div>","protected":false},"excerpt":{"rendered":"<p>The Racing Factory&#8217;s structure will face a triple challenge of great dimension, in technical, human and logistical terms.<\/p>","protected":false},"author":1,"featured_media":11091,"comment_status":"closed","ping_status":"open","sticky":false,"template":"","format":"standard","meta":{"wp_social_preview_title":"","wp_social_preview_description":"","wp_social_preview_image":0,"footnotes":""},"categories":[236,41],"tags":[23,237,90,57],"class_list":["post-11090","post","type-post","status-publish","format-standard","has-post-thumbnail","hentry","category-psci","category-trf","tag-aloisio-monteiro","tag-porsche-sprint-challenge-iberica","tag-the-racing-factory","tag-trf"],"_links":{"self":[{"href":"https:\/\/www.theracingfactory.pt\/pt\/wp-json\/wp\/v2\/posts\/11090","targetHints":{"allow":["GET"]}}],"collection":[{"href":"https:\/\/www.theracingfactory.pt\/pt\/wp-json\/wp\/v2\/posts"}],"about":[{"href":"https:\/\/www.theracingfactory.pt\/pt\/wp-json\/wp\/v2\/types\/post"}],"author":[{"embeddable":true,"href":"https:\/\/www.theracingfactory.pt\/pt\/wp-json\/wp\/v2\/users\/1"}],"replies":[{"embeddable":true,"href":"https:\/\/www.theracingfactory.pt\/pt\/wp-json\/wp\/v2\/comments?post=11090"}],"version-history":[{"count":12,"href":"https:\/\/www.theracingfactory.pt\/pt\/wp-json\/wp\/v2\/posts\/11090\/revisions"}],"predecessor-version":[{"id":11107,"href":"https:\/\/www.theracingfactory.pt\/pt\/wp-json\/wp\/v2\/posts\/11090\/revisions\/11107"}],"wp:featuredmedia":[{"embeddable":true,"href":"https:\/\/www.theracingfactory.pt\/pt\/wp-json\/wp\/v2\/media\/11091"}],"wp:attachment":[{"href":"https:\/\/www.theracingfactory.pt\/pt\/wp-json\/wp\/v2\/media?parent=11090"}],"wp:term":[{"taxonomy":"category","embeddable":true,"href":"https:\/\/www.theracingfactory.pt\/pt\/wp-json\/wp\/v2\/categories?post=11090"},{"taxonomy":"post_tag","embeddable":true,"href":"https:\/\/www.theracingfactory.pt\/pt\/wp-json\/wp\/v2\/tags?post=11090"}],"curies":[{"name":"wp","href":"https:\/\/api.w.org\/{rel}","templated":true}]}}