{"id":11199,"date":"2023-09-19T14:42:30","date_gmt":"2023-09-19T14:42:30","guid":{"rendered":"https:\/\/www.theracingfactory.pt\/?p=11199"},"modified":"2025-04-29T10:54:46","modified_gmt":"2025-04-29T10:54:46","slug":"the-racing-factory-were-in-the-fight-for-supremacy-at-rally-da-agua","status":"publish","type":"post","link":"https:\/\/www.theracingfactory.pt\/pt\/the-racing-factory-were-in-the-fight-for-supremacy-at-rally-da-agua\/","title":{"rendered":"The Racing Factory discutiu taco-a-taco supremacia no Rali da A\u0301gua"},"content":{"rendered":"<div data-elementor-type=\"wp-post\" data-elementor-id=\"11199\" class=\"elementor elementor-11199\">\n\t\t\t\t\t\t<section class=\"elementor-section elementor-top-section elementor-element elementor-element-84933de elementor-section-boxed elementor-section-height-default elementor-section-height-default\" data-id=\"84933de\" data-element_type=\"section\" data-e-type=\"section\" data-settings=\"{&quot;background_background&quot;:&quot;gradient&quot;}\">\n\t\t\t\t\t\t<div class=\"elementor-container elementor-column-gap-default\">\n\t\t\t\t\t<div class=\"elementor-column elementor-col-100 elementor-top-column elementor-element elementor-element-45ce2785\" data-id=\"45ce2785\" data-element_type=\"column\" data-e-type=\"column\" data-settings=\"{&quot;background_background&quot;:&quot;classic&quot;}\">\n\t\t\t<div class=\"elementor-widget-wrap elementor-element-populated\">\n\t\t\t\t\t\t<section class=\"elementor-section elementor-inner-section elementor-element elementor-element-1702ca22 elementor-section-full_width elementor-section-height-default elementor-section-height-default\" data-id=\"1702ca22\" data-element_type=\"section\" data-e-type=\"section\">\n\t\t\t\t\t\t<div class=\"elementor-container elementor-column-gap-no\">\n\t\t\t\t\t<div class=\"elementor-column elementor-col-100 elementor-inner-column elementor-element elementor-element-3f02fcf2\" data-id=\"3f02fcf2\" data-element_type=\"column\" data-e-type=\"column\">\n\t\t\t<div class=\"elementor-widget-wrap elementor-element-populated\">\n\t\t\t\t\t\t<div class=\"elementor-element elementor-element-2958882 elementor-widget elementor-widget-heading\" data-id=\"2958882\" data-element_type=\"widget\" data-e-type=\"widget\" data-widget_type=\"heading.default\">\n\t\t\t\t<div class=\"elementor-widget-container\">\n\t\t\t\t\t<h2 class=\"elementor-heading-title elementor-size-default\">The Racing Factory discutiu taco-a-taco supremacia no Rali da A\u0301gua<\/h2>\t\t\t\t<\/div>\n\t\t\t\t<\/div>\n\t\t\t\t<div class=\"elementor-element elementor-element-3aa8c26b elementor-widget elementor-widget-text-editor\" data-id=\"3aa8c26b\" data-element_type=\"widget\" data-e-type=\"widget\" data-widget_type=\"text-editor.default\">\n\t\t\t\t<div class=\"elementor-widget-container\">\n\t\t\t\t\t\t\t\t\t<p><strong>Armindo Ara\u00fajo e Lu\u00eds Ramalho, campe\u00f5es nacionais em t\u00edtulo, lutaram at\u00e9 ao \u00faltimo metro pelo triunfo na prova, garantindo um brilhante 2\u00ba lugar, continuando na luta pelo t\u00edtulo nacional absoluto. <\/strong><\/p><p><strong>J\u00e1 Victor Senra e David Liste brilharam nesta incurs\u00e3o pelo campeonato portugu\u00eas, alcan\u00e7ando um not\u00e1vel Top 4.<\/strong><\/p><p>O Rali da \u00c1gua Transib\u00e9rico Eurocidade Chaves Ver\u00edn, pen\u00faltima prova da temporada do Campeonato de Portugal de Ralis, fi palco de mais uma demonstra\u00e7\u00e3o de for\u00e7a da The Racing Factory. Numa temporada em que o fator sorte nem sempre esteve presente, a equipa tem demonstrado toda a sua qualidade e garra, ultrapassando todos os momentos dif\u00edceis e estando, como sempre, na discuss\u00e3o das vit\u00f3rias e dos t\u00edtulos.<\/p><p>A vit\u00f3ria escapou por muito pouco \u00e0 TRF, num rali que, para al\u00e9m das condi\u00e7\u00f5es meteorol\u00f3gicas dantescas, teve ainda alguns incidentes que influenciaram o desenrolar da prova, sobretudo por causa de decis\u00f5es tomadas que, no m\u00ednimo, poder\u00e3o ser consideradas pouco condizentes com a defesa da verdade desportiva.<\/p><p>Em termos desportivos, Armindo Ara\u00fajo e Lu\u00eds Ramalho estiveram simplesmente brilhantes, provando porque, entre os dois, seguem dentro do Skoda Fabia RS dez t\u00edtulos nacionais!<\/p><p>Ao ataque desde o quil\u00f3metro inicial, Armindo Ara\u00fajo assumiu-se como o primeiro l\u00edder do rali e transformou-se num dos dois protagonistas de um duelo incessante pela vit\u00f3ria, com a diferen\u00e7a entre ele e Kris Meeke a nunca ser superior a 7,8 segundos e a lideran\u00e7a a mudar de dono cinco vezes ao longo das 10 classificativas da prova.<\/p><p>A atribui\u00e7\u00e3o de tempos administrativos na Power Stage, correspondente \u00e0 segunda passagem por uma especial onde, na passagem inaugural, Armindo Ara\u00fajo tinha sido claramente mais r\u00e1pido, bem como a anula\u00e7\u00e3o, j\u00e1 depois da prova ter terminado, de um controlo hor\u00e1rio onde o seu advers\u00e1rio direto entrou por avan\u00e7o, a exemplo de outros pilotos, o que, obrigatoriamente e em condi\u00e7\u00f5es normais de cumprimento escrupuloso do regulamento, o penalizaria fortemente, acabaram por ser fatores que prejudicaram a possibilidade de Armindo Ara\u00fajo vencer a prova, conseguindo, mesmo assim um excelente 2\u00ba lugar, o que coloca a dupla da The Racing Factory com reais possibilidades de ir ao Rali Vidreiro disputar a revalida\u00e7\u00e3o do t\u00edtulo.<\/p><p>Quanto a Victor Senra, o consagrado multicampe\u00e3o galego n\u00e3o deixou cr\u00e9ditos por m\u00e3os alheias e esteve sempre na luta pelos lugares de topo, concluindo o duro rali no 4\u00ba lugar, contribuindo assim para um excelente resultado de conjunto da The Racing Factory.<\/p><p>No final, Alo\u00edsio Monteiro, CEO da TRF, assumia um misto de satisfa\u00e7\u00e3o e indigna\u00e7\u00e3o pelo desenrolar e desfecho da prova:<\/p><p><strong>\u201cEstamos obviamente muito orgulhosos com a demonstra\u00e7\u00e3o de capacidade e competitividade da nossa equipa e dos nossos pilotos. O Armindo voltou a provar que \u00e9 um piloto com um ritmo de Mundial e merecia a vit\u00f3ria, sem qualquer d\u00favida. Quanto ao Victor Senra, foi um orgulho para a equipa t\u00ea-lo connosco e foi um prazer ver como foi capaz de ombrear com os melhores pilotos nacionais, mesmo sem conhecer o carro e o rali. Mas, n\u00e3o podemos deixar de expressar a nossa indigna\u00e7\u00e3o com tudo o que sucedeu e com as decis\u00f5es tomadas que, no nosso entender, falsearam a verdade desportiva e prejudicaram de forma clara o Armindo, o Lu\u00eds e a nossa equipa. Tudo tentamos para fazer ver \u00e0 organiza\u00e7\u00e3o qu\u00e3o errado estava a ser a sua atua\u00e7\u00e3o, infelizmente sem sucesso. Resta-nos agora analisar e agir consoante a regulamenta\u00e7\u00e3o nos permita, junto das autoridades. Mas, aconte\u00e7a o que acontecer, a verdade desportiva deste campeonato est\u00e1 j\u00e1 em causa!\u201d<\/strong><\/p>\t\t\t\t\t\t\t\t<\/div>\n\t\t\t\t<\/div>\n\t\t\t\t\t<\/div>\n\t\t<\/div>\n\t\t\t\t\t<\/div>\n\t\t<\/section>\n\t\t\t\t\t<\/div>\n\t\t<\/div>\n\t\t\t\t\t<\/div>\n\t\t<\/section>\n\t\t\t\t<section class=\"elementor-section elementor-top-section elementor-element elementor-element-6608c99 elementor-section-boxed elementor-section-height-default elementor-section-height-default\" data-id=\"6608c99\" data-element_type=\"section\" data-e-type=\"section\">\n\t\t\t\t\t\t<div class=\"elementor-container elementor-column-gap-default\">\n\t\t\t\t\t<div class=\"elementor-column elementor-col-100 elementor-top-column elementor-element elementor-element-6435b19\" data-id=\"6435b19\" data-element_type=\"column\" data-e-type=\"column\">\n\t\t\t<div class=\"elementor-widget-wrap elementor-element-populated\">\n\t\t\t\t\t\t<div class=\"elementor-element elementor-element-6aea466 elementor-widget elementor-widget-heading\" data-id=\"6aea466\" data-element_type=\"widget\" data-e-type=\"widget\" data-widget_type=\"heading.default\">\n\t\t\t\t<div class=\"elementor-widget-container\">\n\t\t\t\t\t<h3 class=\"elementor-heading-title elementor-size-default\">Images<\/h3>\t\t\t\t<\/div>\n\t\t\t\t<\/div>\n\t\t\t\t<div class=\"elementor-element elementor-element-8eb2fd5 elementor-widget elementor-widget-image-gallery\" data-id=\"8eb2fd5\" data-element_type=\"widget\" data-e-type=\"widget\" data-widget_type=\"image-gallery.default\">\n\t\t\t\t<div class=\"elementor-widget-container\">\n\t\t\t\t\t\t\t<div class=\"elementor-image-gallery\">\n\t\t\t\n<a data-elementor-open-lightbox=\"yes\" data-elementor-lightbox-slideshow=\"8eb2fd5\" data-elementor-lightbox-title=\"ZMA_5801\" data-e-action-hash=\"#elementor-action%3Aaction%3Dlightbox%26settings%3DeyJpZCI6MTEyMDQsInVybCI6Imh0dHBzOlwvXC93d3cudGhlcmFjaW5nZmFjdG9yeS5wdFwvd3AtY29udGVudFwvdXBsb2Fkc1wvMjAyM1wvMDlcL1pNQV81ODAxLXNjYWxlZC5qcGciLCJzbGlkZXNob3ciOiI4ZWIyZmQ1In0%3D\" href='https:\/\/www.theracingfactory.pt\/wp-content\/uploads\/2023\/09\/ZMA_5801-scaled.jpg'><img fetchpriority=\"high\" decoding=\"async\" width=\"768\" height=\"512\" src=\"https:\/\/www.theracingfactory.pt\/wp-content\/uploads\/2023\/09\/ZMA_5801-768x512.jpg\" class=\"attachment-medium_large size-medium_large\" alt=\"\" srcset=\"https:\/\/www.theracingfactory.pt\/wp-content\/uploads\/2023\/09\/ZMA_5801-768x512.jpg 768w, https:\/\/www.theracingfactory.pt\/wp-content\/uploads\/2023\/09\/ZMA_5801-300x200.jpg 300w, https:\/\/www.theracingfactory.pt\/wp-content\/uploads\/2023\/09\/ZMA_5801-1024x683.jpg 1024w, https:\/\/www.theracingfactory.pt\/wp-content\/uploads\/2023\/09\/ZMA_5801-1536x1024.jpg 1536w, https:\/\/www.theracingfactory.pt\/wp-content\/uploads\/2023\/09\/ZMA_5801-2048x1365.jpg 2048w, https:\/\/www.theracingfactory.pt\/wp-content\/uploads\/2023\/09\/ZMA_5801-18x12.jpg 18w, https:\/\/www.theracingfactory.pt\/wp-content\/uploads\/2023\/09\/ZMA_5801-600x400.jpg 600w\" sizes=\"(max-width: 768px) 100vw, 768px\" \/><\/a>\n<a data-elementor-open-lightbox=\"yes\" data-elementor-lightbox-slideshow=\"8eb2fd5\" data-elementor-lightbox-title=\"ZMP_3687\" data-e-action-hash=\"#elementor-action%3Aaction%3Dlightbox%26settings%3DeyJpZCI6MTEyMDYsInVybCI6Imh0dHBzOlwvXC93d3cudGhlcmFjaW5nZmFjdG9yeS5wdFwvd3AtY29udGVudFwvdXBsb2Fkc1wvMjAyM1wvMDlcL1pNUF8zNjg3LXNjYWxlZC5qcGciLCJzbGlkZXNob3ciOiI4ZWIyZmQ1In0%3D\" href='https:\/\/www.theracingfactory.pt\/wp-content\/uploads\/2023\/09\/ZMP_3687-scaled.jpg'><img decoding=\"async\" width=\"768\" height=\"512\" src=\"https:\/\/www.theracingfactory.pt\/wp-content\/uploads\/2023\/09\/ZMP_3687-768x512.jpg\" class=\"attachment-medium_large size-medium_large\" alt=\"\" srcset=\"https:\/\/www.theracingfactory.pt\/wp-content\/uploads\/2023\/09\/ZMP_3687-768x512.jpg 768w, https:\/\/www.theracingfactory.pt\/wp-content\/uploads\/2023\/09\/ZMP_3687-300x200.jpg 300w, https:\/\/www.theracingfactory.pt\/wp-content\/uploads\/2023\/09\/ZMP_3687-1024x683.jpg 1024w, https:\/\/www.theracingfactory.pt\/wp-content\/uploads\/2023\/09\/ZMP_3687-1536x1024.jpg 1536w, https:\/\/www.theracingfactory.pt\/wp-content\/uploads\/2023\/09\/ZMP_3687-2048x1365.jpg 2048w, https:\/\/www.theracingfactory.pt\/wp-content\/uploads\/2023\/09\/ZMP_3687-18x12.jpg 18w, https:\/\/www.theracingfactory.pt\/wp-content\/uploads\/2023\/09\/ZMP_3687-600x400.jpg 600w\" sizes=\"(max-width: 768px) 100vw, 768px\" \/><\/a>\n<a data-elementor-open-lightbox=\"yes\" data-elementor-lightbox-slideshow=\"8eb2fd5\" data-elementor-lightbox-title=\"ZMP_5475\" data-e-action-hash=\"#elementor-action%3Aaction%3Dlightbox%26settings%3DeyJpZCI6MTEyMDcsInVybCI6Imh0dHBzOlwvXC93d3cudGhlcmFjaW5nZmFjdG9yeS5wdFwvd3AtY29udGVudFwvdXBsb2Fkc1wvMjAyM1wvMDlcL1pNUF81NDc1LXNjYWxlZC5qcGciLCJzbGlkZXNob3ciOiI4ZWIyZmQ1In0%3D\" href='https:\/\/www.theracingfactory.pt\/wp-content\/uploads\/2023\/09\/ZMP_5475-scaled.jpg'><img decoding=\"async\" width=\"768\" height=\"512\" src=\"https:\/\/www.theracingfactory.pt\/wp-content\/uploads\/2023\/09\/ZMP_5475-768x512.jpg\" class=\"attachment-medium_large size-medium_large\" alt=\"\" srcset=\"https:\/\/www.theracingfactory.pt\/wp-content\/uploads\/2023\/09\/ZMP_5475-768x512.jpg 768w, https:\/\/www.theracingfactory.pt\/wp-content\/uploads\/2023\/09\/ZMP_5475-300x200.jpg 300w, https:\/\/www.theracingfactory.pt\/wp-content\/uploads\/2023\/09\/ZMP_5475-1024x683.jpg 1024w, https:\/\/www.theracingfactory.pt\/wp-content\/uploads\/2023\/09\/ZMP_5475-1536x1024.jpg 1536w, https:\/\/www.theracingfactory.pt\/wp-content\/uploads\/2023\/09\/ZMP_5475-2048x1365.jpg 2048w, https:\/\/www.theracingfactory.pt\/wp-content\/uploads\/2023\/09\/ZMP_5475-18x12.jpg 18w, https:\/\/www.theracingfactory.pt\/wp-content\/uploads\/2023\/09\/ZMP_5475-600x400.jpg 600w\" sizes=\"(max-width: 768px) 100vw, 768px\" \/><\/a>\n<a data-elementor-open-lightbox=\"yes\" data-elementor-lightbox-slideshow=\"8eb2fd5\" data-elementor-lightbox-title=\"ZMA_6437\" data-e-action-hash=\"#elementor-action%3Aaction%3Dlightbox%26settings%3DeyJpZCI6MTEyMDUsInVybCI6Imh0dHBzOlwvXC93d3cudGhlcmFjaW5nZmFjdG9yeS5wdFwvd3AtY29udGVudFwvdXBsb2Fkc1wvMjAyM1wvMDlcL1pNQV82NDM3LXNjYWxlZC5qcGciLCJzbGlkZXNob3ciOiI4ZWIyZmQ1In0%3D\" href='https:\/\/www.theracingfactory.pt\/wp-content\/uploads\/2023\/09\/ZMA_6437-scaled.jpg'><img loading=\"lazy\" decoding=\"async\" width=\"768\" height=\"512\" src=\"https:\/\/www.theracingfactory.pt\/wp-content\/uploads\/2023\/09\/ZMA_6437-768x512.jpg\" class=\"attachment-medium_large size-medium_large\" alt=\"\" srcset=\"https:\/\/www.theracingfactory.pt\/wp-content\/uploads\/2023\/09\/ZMA_6437-768x512.jpg 768w, https:\/\/www.theracingfactory.pt\/wp-content\/uploads\/2023\/09\/ZMA_6437-300x200.jpg 300w, https:\/\/www.theracingfactory.pt\/wp-content\/uploads\/2023\/09\/ZMA_6437-1024x683.jpg 1024w, https:\/\/www.theracingfactory.pt\/wp-content\/uploads\/2023\/09\/ZMA_6437-1536x1024.jpg 1536w, https:\/\/www.theracingfactory.pt\/wp-content\/uploads\/2023\/09\/ZMA_6437-2048x1365.jpg 2048w, https:\/\/www.theracingfactory.pt\/wp-content\/uploads\/2023\/09\/ZMA_6437-18x12.jpg 18w, https:\/\/www.theracingfactory.pt\/wp-content\/uploads\/2023\/09\/ZMA_6437-600x400.jpg 600w\" sizes=\"(max-width: 768px) 100vw, 768px\" \/><\/a>\n\t\t<\/div>\n\t\t\t\t\t\t<\/div>\n\t\t\t\t<\/div>\n\t\t\t\t\t<\/div>\n\t\t<\/div>\n\t\t\t\t\t<\/div>\n\t\t<\/section>\n\t\t\t\t<\/div>","protected":false},"excerpt":{"rendered":"<p>Armindo Ara\u00fajo e Lu\u00eds Ramalho, campe\u00f5es nacionais em t\u00edtulo, lutaram at\u00e9 ao \u00faltimo metro pelo triunfo na prova, garantindo um brilhante 2\u00ba lugar, continuando na luta pelo t\u00edtulo nacional absoluto. <\/p>","protected":false},"author":1,"featured_media":11200,"comment_status":"closed","ping_status":"open","sticky":false,"template":"","format":"standard","meta":{"wp_social_preview_title":"","wp_social_preview_description":"","wp_social_preview_image":0,"footnotes":""},"categories":[236,41],"tags":[23,237,90,57],"class_list":["post-11199","post","type-post","status-publish","format-standard","has-post-thumbnail","hentry","category-psci","category-trf","tag-aloisio-monteiro","tag-porsche-sprint-challenge-iberica","tag-the-racing-factory","tag-trf"],"_links":{"self":[{"href":"https:\/\/www.theracingfactory.pt\/pt\/wp-json\/wp\/v2\/posts\/11199","targetHints":{"allow":["GET"]}}],"collection":[{"href":"https:\/\/www.theracingfactory.pt\/pt\/wp-json\/wp\/v2\/posts"}],"about":[{"href":"https:\/\/www.theracingfactory.pt\/pt\/wp-json\/wp\/v2\/types\/post"}],"author":[{"embeddable":true,"href":"https:\/\/www.theracingfactory.pt\/pt\/wp-json\/wp\/v2\/users\/1"}],"replies":[{"embeddable":true,"href":"https:\/\/www.theracingfactory.pt\/pt\/wp-json\/wp\/v2\/comments?post=11199"}],"version-history":[{"count":9,"href":"https:\/\/www.theracingfactory.pt\/pt\/wp-json\/wp\/v2\/posts\/11199\/revisions"}],"predecessor-version":[{"id":11215,"href":"https:\/\/www.theracingfactory.pt\/pt\/wp-json\/wp\/v2\/posts\/11199\/revisions\/11215"}],"wp:featuredmedia":[{"embeddable":true,"href":"https:\/\/www.theracingfactory.pt\/pt\/wp-json\/wp\/v2\/media\/11200"}],"wp:attachment":[{"href":"https:\/\/www.theracingfactory.pt\/pt\/wp-json\/wp\/v2\/media?parent=11199"}],"wp:term":[{"taxonomy":"category","embeddable":true,"href":"https:\/\/www.theracingfactory.pt\/pt\/wp-json\/wp\/v2\/categories?post=11199"},{"taxonomy":"post_tag","embeddable":true,"href":"https:\/\/www.theracingfactory.pt\/pt\/wp-json\/wp\/v2\/tags?post=11199"}],"curies":[{"name":"wp","href":"https:\/\/api.w.org\/{rel}","templated":true}]}}