{"id":11428,"date":"2024-01-24T18:13:51","date_gmt":"2024-01-24T18:13:51","guid":{"rendered":"https:\/\/www.theracingfactory.pt\/?p=11428"},"modified":"2025-04-29T10:54:46","modified_gmt":"2025-04-29T10:54:46","slug":"the-racing-factory-to-debut-in-wrc2","status":"publish","type":"post","link":"https:\/\/www.theracingfactory.pt\/pt\/the-racing-factory-to-debut-in-wrc2\/","title":{"rendered":"Estreia da The Racing Factory no WRC2"},"content":{"rendered":"<div data-elementor-type=\"wp-post\" data-elementor-id=\"11428\" class=\"elementor elementor-11428\">\n\t\t\t\t\t\t<section class=\"elementor-section elementor-top-section elementor-element elementor-element-84933de elementor-section-boxed elementor-section-height-default elementor-section-height-default\" data-id=\"84933de\" data-element_type=\"section\" data-e-type=\"section\" data-settings=\"{&quot;background_background&quot;:&quot;gradient&quot;}\">\n\t\t\t\t\t\t<div class=\"elementor-container elementor-column-gap-default\">\n\t\t\t\t\t<div class=\"elementor-column elementor-col-100 elementor-top-column elementor-element elementor-element-45ce2785\" data-id=\"45ce2785\" data-element_type=\"column\" data-e-type=\"column\" data-settings=\"{&quot;background_background&quot;:&quot;classic&quot;}\">\n\t\t\t<div class=\"elementor-widget-wrap elementor-element-populated\">\n\t\t\t\t\t\t<section class=\"elementor-section elementor-inner-section elementor-element elementor-element-1702ca22 elementor-section-full_width elementor-section-height-default elementor-section-height-default\" data-id=\"1702ca22\" data-element_type=\"section\" data-e-type=\"section\">\n\t\t\t\t\t\t<div class=\"elementor-container elementor-column-gap-no\">\n\t\t\t\t\t<div class=\"elementor-column elementor-col-100 elementor-inner-column elementor-element elementor-element-3f02fcf2\" data-id=\"3f02fcf2\" data-element_type=\"column\" data-e-type=\"column\">\n\t\t\t<div class=\"elementor-widget-wrap elementor-element-populated\">\n\t\t\t\t\t\t<div class=\"elementor-element elementor-element-2958882 elementor-widget elementor-widget-heading\" data-id=\"2958882\" data-element_type=\"widget\" data-e-type=\"widget\" data-widget_type=\"heading.default\">\n\t\t\t\t<div class=\"elementor-widget-container\">\n\t\t\t\t\t<h2 class=\"elementor-heading-title elementor-size-default\">Estreia da The Racing Factory no WRC2<\/h2>\t\t\t\t<\/div>\n\t\t\t\t<\/div>\n\t\t\t\t<div class=\"elementor-element elementor-element-3aa8c26b elementor-widget elementor-widget-text-editor\" data-id=\"3aa8c26b\" data-element_type=\"widget\" data-e-type=\"widget\" data-widget_type=\"text-editor.default\">\n\t\t\t\t<div class=\"elementor-widget-container\">\n\t\t\t\t\t\t\t\t\t<p>A Racing Factory, uma equipa emergente e inovadora no mundo do automobilismo, far\u00e1 a sua estreia no Campeonato Mundial de Ralis (WRC2) participando no hist\u00f3rico Rallye Monte-Carlo de 25 a 28 de janeiro.<\/p><p>Este marco acontece apenas cinco anos ap\u00f3s a funda\u00e7\u00e3o da equipa, demonstrando um crescimento excecional num curto per\u00edodo de tempo. A Racing Factory ser\u00e1 representada pelo renomado piloto brit\u00e2nico Chris Ingram, que foi campe\u00e3o do Campeonato Europeu de Ralis (ERC) em 2019, uma escolha que sublinha a ambi\u00e7\u00e3o e o compromisso da equipa com a excel\u00eancia no desporto.<\/p><p>Nas palavras do CEO da Racing Factory, Alo\u00edsio Monteiro, <strong>\"A nossa entrada no WRC2 com participa\u00e7\u00e3o no Rallye Monte-Carlo \u00e9 um testemunho do trabalho \u00e1rduo, dedica\u00e7\u00e3o e paix\u00e3o que define a nossa equipa. Ao longo de cinco anos, transformamo-nos de uma mera ambi\u00e7\u00e3o numa realidade firmemente estabelecida no mundo do automobilismo. Estamos orgulhosos de dar este passo significativo em frente com um piloto do calibre de Chris Ingram.\"<\/strong><\/p><p>O Rallye Monte-Carlo, conhecido por ser um dos eventos mais exigentes do calend\u00e1rio WRC, apresenta desafios \u00fanicos, incluindo condi\u00e7\u00f5es meteorol\u00f3gicas imprevis\u00edveis e diversas configura\u00e7\u00f5es de terreno. Esta competi\u00e7\u00e3o servir\u00e1 como um palco ideal para a Racing Factory ilustrar a sua proeza t\u00e9cnica e estrat\u00e9gica, reafirmando o seu lugar na cena internacional dos ralis.<\/p><p>A estreia no WRC2 \u00e9 um marco na hist\u00f3ria da Racing Factory e um passo importante para o automobilismo portugu\u00eas, destacando a capacidade de Portugal em produzir equipas competitivas em eventos de classe mundial.<\/p><p><strong>Factos<\/strong><\/p><ul><li>A Racing Factory, uma equipa emergente e inovadora no mundo do automobilismo, far\u00e1 a sua estreia no Campeonato Mundial de Ralis (WRC2).<\/li><li>A equipa competir\u00e1 no hist\u00f3rico Rallye Monte-Carlo de 25 a 28 de janeiro.<br \/>O piloto brit\u00e2nico Chris Ingram, juntamente com a co-piloto Hannah McKillop, representar\u00e1 a Racing Factory.<\/li><li>O CEO da Racing Factory, Aloisio Monteiro, expressou a sua confian\u00e7a na dupla.<\/li><li>Ingram foi campe\u00e3o do Campeonato Europeu de Ralis (ERC) em 2019, o primeiro piloto brit\u00e2nico a conseguir tal feito em 52 anos.<\/li><li>O Rallye Monte-Carlo \u00e9 conhecido por ser um dos eventos mais exigentes do calend\u00e1rio WRC, com condi\u00e7\u00f5es meteorol\u00f3gicas imprevis\u00edveis e diversas configura\u00e7\u00f5es de terreno.<\/li><\/ul>\t\t\t\t\t\t\t\t<\/div>\n\t\t\t\t<\/div>\n\t\t\t\t\t<\/div>\n\t\t<\/div>\n\t\t\t\t\t<\/div>\n\t\t<\/section>\n\t\t\t\t\t<\/div>\n\t\t<\/div>\n\t\t\t\t\t<\/div>\n\t\t<\/section>\n\t\t\t\t<\/div>","protected":false},"excerpt":{"rendered":"<p>A Racing Factory, uma equipa emergente e inovadora no mundo do automobilismo, far\u00e1 a sua estreia no Campeonato Mundial de Ralis (WRC2) participando no hist\u00f3rico Rallye Monte-Carlo de 25 a 28 de janeiro.<\/p>","protected":false},"author":1,"featured_media":11437,"comment_status":"closed","ping_status":"open","sticky":false,"template":"","format":"standard","meta":{"wp_social_preview_title":"","wp_social_preview_description":"","wp_social_preview_image":0,"footnotes":""},"categories":[230,41],"tags":[23,243,90,57,244,124,242],"class_list":["post-11428","post","type-post","status-publish","format-standard","has-post-thumbnail","hentry","category-rally","category-trf","tag-aloisio-monteiro","tag-chris-ingram","tag-the-racing-factory","tag-trf","tag-word-rally-championship","tag-wrc","tag-wrc2"],"_links":{"self":[{"href":"https:\/\/www.theracingfactory.pt\/pt\/wp-json\/wp\/v2\/posts\/11428","targetHints":{"allow":["GET"]}}],"collection":[{"href":"https:\/\/www.theracingfactory.pt\/pt\/wp-json\/wp\/v2\/posts"}],"about":[{"href":"https:\/\/www.theracingfactory.pt\/pt\/wp-json\/wp\/v2\/types\/post"}],"author":[{"embeddable":true,"href":"https:\/\/www.theracingfactory.pt\/pt\/wp-json\/wp\/v2\/users\/1"}],"replies":[{"embeddable":true,"href":"https:\/\/www.theracingfactory.pt\/pt\/wp-json\/wp\/v2\/comments?post=11428"}],"version-history":[{"count":14,"href":"https:\/\/www.theracingfactory.pt\/pt\/wp-json\/wp\/v2\/posts\/11428\/revisions"}],"predecessor-version":[{"id":11449,"href":"https:\/\/www.theracingfactory.pt\/pt\/wp-json\/wp\/v2\/posts\/11428\/revisions\/11449"}],"wp:featuredmedia":[{"embeddable":true,"href":"https:\/\/www.theracingfactory.pt\/pt\/wp-json\/wp\/v2\/media\/11437"}],"wp:attachment":[{"href":"https:\/\/www.theracingfactory.pt\/pt\/wp-json\/wp\/v2\/media?parent=11428"}],"wp:term":[{"taxonomy":"category","embeddable":true,"href":"https:\/\/www.theracingfactory.pt\/pt\/wp-json\/wp\/v2\/categories?post=11428"},{"taxonomy":"post_tag","embeddable":true,"href":"https:\/\/www.theracingfactory.pt\/pt\/wp-json\/wp\/v2\/tags?post=11428"}],"curies":[{"name":"wp","href":"https:\/\/api.w.org\/{rel}","templated":true}]}}