{"id":4509,"date":"2019-02-18T16:10:57","date_gmt":"2019-02-18T16:10:57","guid":{"rendered":"http:\/\/www.theracingfactory.pt\/?p=4509"},"modified":"2025-04-29T10:54:57","modified_gmt":"2025-04-29T10:54:57","slug":"the-racing-factory-entra-a-ganhar-no-campeonato-nacional-de-todo-o-terreno","status":"publish","type":"post","link":"https:\/\/www.theracingfactory.pt\/pt\/the-racing-factory-entra-a-ganhar-no-campeonato-nacional-de-todo-o-terreno\/","title":{"rendered":"The Racing Factory entra a ganhar no Campeonato Nacional de Todo-o-Terreno"},"content":{"rendered":"<div data-elementor-type=\"wp-post\" data-elementor-id=\"4509\" class=\"elementor elementor-4509\">\n\t\t\t\t\t\t<section class=\"elementor-section elementor-top-section elementor-element elementor-element-84933de elementor-section-boxed elementor-section-height-default elementor-section-height-default\" data-id=\"84933de\" data-element_type=\"section\" data-e-type=\"section\" data-settings=\"{&quot;background_background&quot;:&quot;gradient&quot;}\">\n\t\t\t\t\t\t<div class=\"elementor-container elementor-column-gap-default\">\n\t\t\t\t\t<div class=\"elementor-column elementor-col-100 elementor-top-column elementor-element elementor-element-45ce2785\" data-id=\"45ce2785\" data-element_type=\"column\" data-e-type=\"column\" data-settings=\"{&quot;background_background&quot;:&quot;classic&quot;}\">\n\t\t\t<div class=\"elementor-widget-wrap elementor-element-populated\">\n\t\t\t\t\t\t<section class=\"elementor-section elementor-inner-section elementor-element elementor-element-1702ca22 elementor-section-full_width elementor-section-height-default elementor-section-height-default\" data-id=\"1702ca22\" data-element_type=\"section\" data-e-type=\"section\">\n\t\t\t\t\t\t<div class=\"elementor-container elementor-column-gap-no\">\n\t\t\t\t\t<div class=\"elementor-column elementor-col-100 elementor-inner-column elementor-element elementor-element-3f02fcf2\" data-id=\"3f02fcf2\" data-element_type=\"column\" data-e-type=\"column\">\n\t\t\t<div class=\"elementor-widget-wrap elementor-element-populated\">\n\t\t\t\t\t\t<div class=\"elementor-element elementor-element-4dd00a38 elementor-widget elementor-widget-theme-post-title elementor-page-title elementor-widget-heading\" data-id=\"4dd00a38\" data-element_type=\"widget\" data-e-type=\"widget\" data-widget_type=\"theme-post-title.default\">\n\t\t\t\t<div class=\"elementor-widget-container\">\n\t\t\t\t\t<h1 class=\"elementor-heading-title elementor-size-default\">The Racing Factory entra a ganhar no Campeonato Nacional de Todo-o-Terreno<\/h1>\t\t\t\t<\/div>\n\t\t\t\t<\/div>\n\t\t\t\t<div class=\"elementor-element elementor-element-3aa8c26b elementor-widget elementor-widget-text-editor\" data-id=\"3aa8c26b\" data-element_type=\"widget\" data-e-type=\"widget\" data-widget_type=\"text-editor.default\">\n\t\t\t\t<div class=\"elementor-widget-container\">\n\t\t\t\t\t\t\t\t\t<ul class=\"ul1\">\n<li class=\"li1\">V\u00edtor Santos \/ Greg\u00f3rio Pereira vence prova de abertura e d\u00e1 primeira vit\u00f3ria \u00e0 The Racing Factory<\/li>\n<li class=\"li1\">Pilotos brasileiros em destaque e perto de um bom resultado<\/li>\n<\/ul>\n<p class=\"p1\">Estreia de sonho da The Racing Factory no Campeonato Nacional de Todo-o-Terreno. A equipa, que neste evento se fez representar por tr\u00eas viaturas SSV, imp\u00f4s-se neste 26\u00ba Raid TT de G\u00f3is, com V\u00edtor Santos a vencer a prova de abertura do CNTT.<\/p>\n<p class=\"p1\">Apesar da entrada cautelosa no pr\u00f3logo, a dupla V\u00edtor Santos \/ Greg\u00f3rio Pereira obteve o 9\u00ba tempo com que terminou o primeiro dia. Ao longo do segundo dia , e ap\u00f3s imprimirem um andamento r\u00e1pido e seguro que lhes permitiu subir na classifica\u00e7\u00e3o geral at\u00e9 ao primeiro lugar, a t\u00e3o desejada vit\u00f3ria acabou por ser algo natural:&nbsp;<b>\u201cEstamos obviamente muito contentes, \u00e9 bom iniciar o campeonato com uma vitoria e sem percal\u00e7os, sab\u00edamos que pod\u00edamos ser r\u00e1pidos pois j\u00e1 ganhei em G\u00f3is algumas vezes e a prova apresenta um tipo de tra\u00e7ado que eu gosto. Agora \u00e9 continuar assim para as pr\u00f3ximas provas. Quero agradecer ao meu navegador Xiringuito pois \u00e9 sem d\u00favida uma mais valia todo o conhecimento que ele me transmite e torna tudo mais entusiasmaste. Queria tamb\u00e9m agradecer \u00e0 The Racing Factory por todo o apoio e prepara\u00e7\u00e3o da prova, assim tudo fica mais f\u00e1cil\u201d<\/b>, explicou o vencedor.<\/p>\n<p class=\"p1\">Quem tamb\u00e9m esteve perto de um grande resultado foi Aristides Mafra Junior, piloto que viajou directamente do Brasil para alinhar nas 7 provas do campeonato, sendo esta a sua estreia aos comandos de um Can-Am X3 depois de v\u00e1rios anos a correr de Polaris. N\u00e3o fosse uma pequena falha num cruzamento onde a sinaliza\u00e7\u00e3o da prova o traiu fazendo-o sair fora do percurso, e com isso perder bastante tempo, e o resultado final teria sido bem diferente.<b>\u201c\u00c9 uma pena ter perdido tanto tempo fora do percurso, falhei um cruzamento onde a sinaliza\u00e7\u00e3o me traiu e andei um bom bocado at\u00e9 perceber que estava fora, tive que regressar com cautela ao tra\u00e7ado e com isto perdi muito tempo. Foi a minha habitua\u00e7\u00e3o a este carro que nunca tinha antes conduzido, sempre pilotei Polaris antes mas este Can-Am X3 est\u00e1 realmente muito bom. O carro \u00e9 muito r\u00e1pido e o feeling chega r\u00e1pido, na \u00faltima passagem dos 97km de prova j\u00e1 realizei o 4\u00ba tempo \u00e0 geral e isso deixa-me muito satisfeito. Tenho a certeza que vou levar grandes momentos desta aventura por Portugal\u201d<\/b>.<\/p>\n<p class=\"p1\">Cristiano Batista e F\u00e1bio Zeller chegaram tamb\u00e9m do Brasil para uma temporada completa a bordo dos Can-Am X3 da equipa e se n\u00e3o fosse um pequeno erro a 40km do final e a dupla teria, com toda a certeza, subido ao p\u00f3dio da prova de abertura do CNTT.:&nbsp;<b>\u201cNuma curva \u00e0 direita numa zona de \u00e1rvores sem sol deixei o carro escorregar um bocado de mais e n\u00e3o contava que fosse estar t\u00e3o h\u00famido e isso fez com que o carro ficasse pendurado na berma. Foi o s\u00edtio errado pois n\u00e3o estraguei nada no carro mas o carro ficou pousado no meio e as rodas n\u00e3o conseguiam ter tra\u00e7\u00e3o para nos fazer sair dali. Tentamos tudo mas n\u00e3o deu. Sab\u00edamos que v\u00ednhamos r\u00e1pido e o gozo era grande, quando arrancamos para a \u00faltima PEC est\u00e1vamos apenas a 52 decimas do p\u00f3dio. Agora resta-nos voltar com garra para a pr\u00f3xima prova e desforrar esta. O ambiente aqui em Portugal \u00e9 muito bom. Sempre um prazer estar aqui\u201d<\/b>.<\/p>\t\t\t\t\t\t\t\t<\/div>\n\t\t\t\t<\/div>\n\t\t\t\t<div class=\"elementor-element elementor-element-3ea455f gallery-spacing-custom elementor-widget elementor-widget-image-gallery\" data-id=\"3ea455f\" data-element_type=\"widget\" data-e-type=\"widget\" data-widget_type=\"image-gallery.default\">\n\t\t\t\t<div class=\"elementor-widget-container\">\n\t\t\t\t\t\t\t<div class=\"elementor-image-gallery\">\n\t\t\t\t\t<\/div>\n\t\t\t\t\t\t<\/div>\n\t\t\t\t<\/div>\n\t\t\t\t\t<\/div>\n\t\t<\/div>\n\t\t\t\t\t<\/div>\n\t\t<\/section>\n\t\t\t\t\t<\/div>\n\t\t<\/div>\n\t\t\t\t\t<\/div>\n\t\t<\/section>\n\t\t\t\t<\/div>","protected":false},"excerpt":{"rendered":"<p>Estreia de sonho da The Racing Factory no Campeonato Nacional de Todo-o-Terreno. A equipa, que neste evento se fez representar por tr\u00eas viaturas SSV, imp\u00f4s-se neste 26\u00ba Raid TT de G\u00f3is, com V\u00edtor Santos a vencer a prova de abertura do CNTT.<\/p>","protected":false},"author":1,"featured_media":8953,"comment_status":"closed","ping_status":"open","sticky":false,"template":"elementor_theme","format":"standard","meta":{"wp_social_preview_title":"","wp_social_preview_description":"","wp_social_preview_image":0,"footnotes":""},"categories":[46],"tags":[42,43,44,45,47,49,50,51,52,48],"class_list":["post-4509","post","type-post","status-publish","format-standard","has-post-thumbnail","hentry","category-cntt","tag-aristides-mafra-junior","tag-campeonato-nacional-de-todo-terreno","tag-can-am-maverick-x3","tag-cntt","tag-cristiano-batista","tag-fabio-zeller","tag-gregorio-pereira","tag-raid-tt-de-gois","tag-ssv","tag-vitor-santos"],"_links":{"self":[{"href":"https:\/\/www.theracingfactory.pt\/pt\/wp-json\/wp\/v2\/posts\/4509","targetHints":{"allow":["GET"]}}],"collection":[{"href":"https:\/\/www.theracingfactory.pt\/pt\/wp-json\/wp\/v2\/posts"}],"about":[{"href":"https:\/\/www.theracingfactory.pt\/pt\/wp-json\/wp\/v2\/types\/post"}],"author":[{"embeddable":true,"href":"https:\/\/www.theracingfactory.pt\/pt\/wp-json\/wp\/v2\/users\/1"}],"replies":[{"embeddable":true,"href":"https:\/\/www.theracingfactory.pt\/pt\/wp-json\/wp\/v2\/comments?post=4509"}],"version-history":[{"count":4,"href":"https:\/\/www.theracingfactory.pt\/pt\/wp-json\/wp\/v2\/posts\/4509\/revisions"}],"predecessor-version":[{"id":10743,"href":"https:\/\/www.theracingfactory.pt\/pt\/wp-json\/wp\/v2\/posts\/4509\/revisions\/10743"}],"wp:featuredmedia":[{"embeddable":true,"href":"https:\/\/www.theracingfactory.pt\/pt\/wp-json\/wp\/v2\/media\/8953"}],"wp:attachment":[{"href":"https:\/\/www.theracingfactory.pt\/pt\/wp-json\/wp\/v2\/media?parent=4509"}],"wp:term":[{"taxonomy":"category","embeddable":true,"href":"https:\/\/www.theracingfactory.pt\/pt\/wp-json\/wp\/v2\/categories?post=4509"},{"taxonomy":"post_tag","embeddable":true,"href":"https:\/\/www.theracingfactory.pt\/pt\/wp-json\/wp\/v2\/tags?post=4509"}],"curies":[{"name":"wp","href":"https:\/\/api.w.org\/{rel}","templated":true}]}}