{"id":4522,"date":"2019-05-07T10:00:26","date_gmt":"2019-05-07T09:00:26","guid":{"rendered":"http:\/\/www.theracingfactory.pt\/?p=4522"},"modified":"2025-04-29T10:54:57","modified_gmt":"2025-04-29T10:54:57","slug":"pedro-antunes-sobe-ao-podio-no-rally-islas-canarias-3","status":"publish","type":"post","link":"https:\/\/www.theracingfactory.pt\/pt\/pedro-antunes-sobe-ao-podio-no-rally-islas-canarias-3\/","title":{"rendered":"Pedro Antunes sobe ao p\u00f3dio no Rally Islas Canarias"},"content":{"rendered":"<div data-elementor-type=\"wp-post\" data-elementor-id=\"4522\" class=\"elementor elementor-4522\">\n\t\t\t\t\t\t<section class=\"elementor-section elementor-top-section elementor-element elementor-element-84933de elementor-section-boxed elementor-section-height-default elementor-section-height-default\" data-id=\"84933de\" data-element_type=\"section\" data-e-type=\"section\" data-settings=\"{&quot;background_background&quot;:&quot;gradient&quot;}\">\n\t\t\t\t\t\t<div class=\"elementor-container elementor-column-gap-default\">\n\t\t\t\t\t<div class=\"elementor-column elementor-col-100 elementor-top-column elementor-element elementor-element-45ce2785\" data-id=\"45ce2785\" data-element_type=\"column\" data-e-type=\"column\" data-settings=\"{&quot;background_background&quot;:&quot;classic&quot;}\">\n\t\t\t<div class=\"elementor-widget-wrap elementor-element-populated\">\n\t\t\t\t\t\t<section class=\"elementor-section elementor-inner-section elementor-element elementor-element-1702ca22 elementor-section-full_width elementor-section-height-default elementor-section-height-default\" data-id=\"1702ca22\" data-element_type=\"section\" data-e-type=\"section\">\n\t\t\t\t\t\t<div class=\"elementor-container elementor-column-gap-no\">\n\t\t\t\t\t<div class=\"elementor-column elementor-col-100 elementor-inner-column elementor-element elementor-element-3f02fcf2\" data-id=\"3f02fcf2\" data-element_type=\"column\" data-e-type=\"column\">\n\t\t\t<div class=\"elementor-widget-wrap elementor-element-populated\">\n\t\t\t\t\t\t<div class=\"elementor-element elementor-element-4dd00a38 elementor-widget elementor-widget-theme-post-title elementor-page-title elementor-widget-heading\" data-id=\"4dd00a38\" data-element_type=\"widget\" data-e-type=\"widget\" data-widget_type=\"theme-post-title.default\">\n\t\t\t\t<div class=\"elementor-widget-container\">\n\t\t\t\t\t<h1 class=\"elementor-heading-title elementor-size-default\">Pedro Antunes sobe ao p\u00f3dio no Rally Islas Canarias<\/h1>\t\t\t\t<\/div>\n\t\t\t\t<\/div>\n\t\t\t\t<div class=\"elementor-element elementor-element-3aa8c26b elementor-widget elementor-widget-text-editor\" data-id=\"3aa8c26b\" data-element_type=\"widget\" data-e-type=\"widget\" data-widget_type=\"text-editor.default\">\n\t\t\t\t<div class=\"elementor-widget-container\">\n\t\t\t\t\t\t\t\t\t<ul class=\"ul1\">\n<li class=\"li1\">Piloto torrense mostrou capacidades na segunda prova do Europeu de Ralis<\/li>\n<li class=\"li1\">Resultado permite a Antunes subir ao segundo lugar da classifica\u00e7\u00e3o.<\/li>\n<\/ul>\n<p class=\"p1\">A dupla Pedro Antunes \/ Paulo Lopes que representou a FPAK Portugal Team ERC no Rally Islas Canarias garantiu um lugar no p\u00f3dio da categoria ERC3 Junior. Em ano de estreia na competi\u00e7\u00e3o organizada pela FIA, o piloto torrense mostrou todas as suas capacidades numa prova de tr\u00e1s para a frente, sempre a evoluir, aos comandos do Peugeot 208 R2.<\/p>\n<p class=\"p1\">Num rali onde nunca tinha participado, e onde teve de descobrir novos tipos de asfalto que exigiam uma condu\u00e7\u00e3o de n\u00edvel muito elevado, o piloto da The Racing Factory mostrou-se muito capaz, terminando a prova apenas atr\u00e1s do franc\u00eas Jean-Baptiste Franceschi (Ford Fiesta R2T) e do espanhol Effren Llarena (Peugeot 208R2).&nbsp;<b>\u201cCheg\u00e1mos ao fim do Rally Islas Can\u00e1rias com um bom resultado que nos faz subir para segundo no campeonato. Foi um fim de semana dif\u00edcil num rally com condi\u00e7\u00f5es muito espec\u00edficas e diferentes do que estamos habituados, mas muito bom para continuar a evolu\u00e7\u00e3o. Juntamente com a minha equipa e navegador vamos trabalhar o m\u00e1ximo poss\u00edvel para estarmos a um bom n\u00edvel no pr\u00f3ximo desafio\u201d<\/b>, explicou.<\/p>\n<p class=\"p1\">O Campeonato da Europa de Ralis prossegue com o Rali da Let\u00f3nia, n\u00e3o estando, por agora, confirmada a presen\u00e7a da The Racing Factory neste evento.<\/p>\t\t\t\t\t\t\t\t<\/div>\n\t\t\t\t<\/div>\n\t\t\t\t<div class=\"elementor-element elementor-element-3ea455f gallery-spacing-custom elementor-widget elementor-widget-image-gallery\" data-id=\"3ea455f\" data-element_type=\"widget\" data-e-type=\"widget\" data-widget_type=\"image-gallery.default\">\n\t\t\t\t<div class=\"elementor-widget-container\">\n\t\t\t\t\t\t\t<div class=\"elementor-image-gallery\">\n\t\t\t\t\t<\/div>\n\t\t\t\t\t\t<\/div>\n\t\t\t\t<\/div>\n\t\t\t\t\t<\/div>\n\t\t<\/div>\n\t\t\t\t\t<\/div>\n\t\t<\/section>\n\t\t\t\t\t<\/div>\n\t\t<\/div>\n\t\t\t\t\t<\/div>\n\t\t<\/section>\n\t\t\t\t<\/div>","protected":false},"excerpt":{"rendered":"<p>A dupla Pedro Antunes \/ Paulo Lopes que representou a FPAK Portugal Team ERC no Rally Islas Canarias garantiu um lugar no p\u00f3dio da categoria ERC3 Junior. Em ano de estreia na competi\u00e7\u00e3o organizada pela FIA, o piloto torrense mostrou todas as suas capacidades numa prova de tr\u00e1s para a frente, sempre a evoluir, aos comandos do Peugeot 208 R2.<\/p>","protected":false},"author":1,"featured_media":8955,"comment_status":"closed","ping_status":"open","sticky":false,"template":"elementor_theme","format":"standard","meta":{"wp_social_preview_title":"","wp_social_preview_description":"","wp_social_preview_image":0,"footnotes":""},"categories":[36],"tags":[37,53,54,38,32,55],"class_list":["post-4522","post","type-post","status-publish","format-standard","has-post-thumbnail","hentry","category-erc","tag-european-rally-championship","tag-fpak-portugal-team-erc","tag-paulo-lopes","tag-pedro-antunes","tag-peugeot","tag-rally-islas-canarias"],"_links":{"self":[{"href":"https:\/\/www.theracingfactory.pt\/pt\/wp-json\/wp\/v2\/posts\/4522","targetHints":{"allow":["GET"]}}],"collection":[{"href":"https:\/\/www.theracingfactory.pt\/pt\/wp-json\/wp\/v2\/posts"}],"about":[{"href":"https:\/\/www.theracingfactory.pt\/pt\/wp-json\/wp\/v2\/types\/post"}],"author":[{"embeddable":true,"href":"https:\/\/www.theracingfactory.pt\/pt\/wp-json\/wp\/v2\/users\/1"}],"replies":[{"embeddable":true,"href":"https:\/\/www.theracingfactory.pt\/pt\/wp-json\/wp\/v2\/comments?post=4522"}],"version-history":[{"count":4,"href":"https:\/\/www.theracingfactory.pt\/pt\/wp-json\/wp\/v2\/posts\/4522\/revisions"}],"predecessor-version":[{"id":10739,"href":"https:\/\/www.theracingfactory.pt\/pt\/wp-json\/wp\/v2\/posts\/4522\/revisions\/10739"}],"wp:featuredmedia":[{"embeddable":true,"href":"https:\/\/www.theracingfactory.pt\/pt\/wp-json\/wp\/v2\/media\/8955"}],"wp:attachment":[{"href":"https:\/\/www.theracingfactory.pt\/pt\/wp-json\/wp\/v2\/media?parent=4522"}],"wp:term":[{"taxonomy":"category","embeddable":true,"href":"https:\/\/www.theracingfactory.pt\/pt\/wp-json\/wp\/v2\/categories?post=4522"},{"taxonomy":"post_tag","embeddable":true,"href":"https:\/\/www.theracingfactory.pt\/pt\/wp-json\/wp\/v2\/tags?post=4522"}],"curies":[{"name":"wp","href":"https:\/\/api.w.org\/{rel}","templated":true}]}}