{"id":4541,"date":"2020-02-24T12:00:54","date_gmt":"2020-02-24T12:00:54","guid":{"rendered":"http:\/\/www.theracingfactory.pt\/?p=4541"},"modified":"2025-04-29T10:54:57","modified_gmt":"2025-04-29T10:54:57","slug":"the-racing-factory-em-forca-no-rallye-serras-de-fafe-e-felgueiras","status":"publish","type":"post","link":"https:\/\/www.theracingfactory.pt\/pt\/the-racing-factory-em-forca-no-rallye-serras-de-fafe-e-felgueiras\/","title":{"rendered":"The Racing Factory em for\u00e7a no Rallye Serras de Fafe e Felgueiras"},"content":{"rendered":"<div data-elementor-type=\"wp-post\" data-elementor-id=\"4541\" class=\"elementor elementor-4541\">\n\t\t\t\t\t\t<section class=\"elementor-section elementor-top-section elementor-element elementor-element-84933de elementor-section-boxed elementor-section-height-default elementor-section-height-default\" data-id=\"84933de\" data-element_type=\"section\" data-e-type=\"section\" data-settings=\"{&quot;background_background&quot;:&quot;gradient&quot;}\">\n\t\t\t\t\t\t<div class=\"elementor-container elementor-column-gap-default\">\n\t\t\t\t\t<div class=\"elementor-column elementor-col-100 elementor-top-column elementor-element elementor-element-45ce2785\" data-id=\"45ce2785\" data-element_type=\"column\" data-e-type=\"column\" data-settings=\"{&quot;background_background&quot;:&quot;classic&quot;}\">\n\t\t\t<div class=\"elementor-widget-wrap elementor-element-populated\">\n\t\t\t\t\t\t<section class=\"elementor-section elementor-inner-section elementor-element elementor-element-1702ca22 elementor-section-full_width elementor-section-height-default elementor-section-height-default\" data-id=\"1702ca22\" data-element_type=\"section\" data-e-type=\"section\">\n\t\t\t\t\t\t<div class=\"elementor-container elementor-column-gap-no\">\n\t\t\t\t\t<div class=\"elementor-column elementor-col-100 elementor-inner-column elementor-element elementor-element-3f02fcf2\" data-id=\"3f02fcf2\" data-element_type=\"column\" data-e-type=\"column\">\n\t\t\t<div class=\"elementor-widget-wrap elementor-element-populated\">\n\t\t\t\t\t\t<div class=\"elementor-element elementor-element-4dd00a38 elementor-widget elementor-widget-theme-post-title elementor-page-title elementor-widget-heading\" data-id=\"4dd00a38\" data-element_type=\"widget\" data-e-type=\"widget\" data-widget_type=\"theme-post-title.default\">\n\t\t\t\t<div class=\"elementor-widget-container\">\n\t\t\t\t\t<h1 class=\"elementor-heading-title elementor-size-default\">The Racing Factory em for\u00e7a no Rallye Serras de Fafe e Felgueiras<\/h1>\t\t\t\t<\/div>\n\t\t\t\t<\/div>\n\t\t\t\t<div class=\"elementor-element elementor-element-3aa8c26b elementor-widget elementor-widget-text-editor\" data-id=\"3aa8c26b\" data-element_type=\"widget\" data-e-type=\"widget\" data-widget_type=\"text-editor.default\">\n\t\t\t\t<div class=\"elementor-widget-container\">\n\t\t\t\t\t\t\t\t\t<p>\u2022 Armindo Ara\u00fajo faz a estreia no Skoda Fabia R5 Evo e procura vit\u00f3ria<br \/>\u2022 Pedro Almeida regressa \u00e0s Duas Rodas Motrizes com ambi\u00e7\u00f5es redobradas<br \/>\u2022 Enrico Oldrati junta-se \u00e0 equipa para preparar Rally de Portugal<br \/>\u2022 Alo\u00edsio Monteiro Monteiro cumprir\u00e1 fun\u00e7\u00f5es de \u2018Carro 0\u2019<\/p>\n<p>Chegou a hora! Est\u00e1 prestes a come\u00e7ar o Campeonato de Portugal de Ralis, um dos momentos mais importante na temporada para a The Racing Factory. Com o objectivo de lutar pela vit\u00f3ria \u00e0 Geral e nas Duas Rodas Motrizes, a equipa competir\u00e1 na ronda inaugural do CPR com Armindo Ara\u00fajo aos comandos de um nov\u00edssimo Skoda Fabia R5 Evo e Pedro Almeida, ao volante de um Peugeot R2.<\/p>\n<p>Depois de v\u00e1rias sess\u00f5es de testes realizadas e de todas as afina\u00e7\u00f5es testadas, a The Racing Factory mostra-se confiante para este primeiro grande desafio. <b>\u201cN\u00e3o tenho d\u00favidas que o trabalho feito at\u00e9 aqui foi bem conseguido e que estamos preparados para lutar pela vit\u00f3ria tanto \u00e0 Geral, como nas 2RM. N\u00e3o ser\u00e1 uma tarefa f\u00e1cil face \u00e0 concorr\u00eancia, mas acredito que estamos \u00e0 altura do desafio\u201d<\/b>, come\u00e7ou por explicar Justino Reis, Team Manager\u00a0da equipa de Santa Maria da Feira, antes de falar um pouco mais deste desafio: <b>\u201cPara al\u00e9m do Armindo Ara\u00fajo e Pedro Almeida, vamos ter o Alo\u00edsio Monteiro a apoiar a organiza\u00e7\u00e3o em termos de seguran\u00e7a, cumprindo fun\u00e7\u00f5es de \u2018Carro 0\u2019 e ainda uma grande novidade: a presen\u00e7a do piloto italiano Enrico Oldrati, que participa\u00a0regularmente no Junior WRC, a correr pela The Racing Factory ao volante de um Peugeot 208 R2.\u00a0Dar assist\u00eancia a quatro\u00a0carros ser\u00e1 um desafio para o qual estamos preparados. Todo o capital humano da TRF estar\u00e1 a postos e pronto para dar tudo pela equipa.\u201d<\/b><\/p>\n<p>Armindo Ara\u00fajo, uma das grandes apostas da The Racing Factory para a temporada 2020, mostra-se confiante para o primeiro rali do ano e n\u00e3o esconde a vontade de entrar a vencer: <b>\u201cVamos iniciar em Fafe um novo projecto, com um novo carro e equipa. Ainda teremos um teste de prepara\u00e7\u00e3o, antes do rali, mas estamos muito optimistas e confiantes para come\u00e7ar a temporada com um bom resultado. Queremos estar na discuss\u00e3o pela vit\u00f3ria\u201d<\/b>, admitiu.<\/p>\n<p>J\u00e1 Pedro Almeida que, em Fafe, volta a competir numa viatura de duas rodas motrizes, est\u00e1 motivado para este primeiro evento: <b>\u201cEste primeiro rali da \u00e9poca vai acima de tudo servir para perceber em corrida o trabalho que temos feito na condu\u00e7\u00e3o do Peugeot e na adapta\u00e7\u00e3o a um duas rodas motrizes. \u00c9 uma nova realidade a que nos estamos a adaptar, exigente mas cujos frutos vamos ter \u00e0 frente. Fizemos dois testes no carro e estamos satisfeitos com a evolu\u00e7\u00e3o que registamos, na certeza de que em Fafe ao longo da corrida vamos somar novas aprendizagens que nos v\u00e3o ser importantes para a temporada, e esse \u00e9 o objetivo em que estamos focados\u201d<\/b>, explicou o famalicense.<\/p>\n<p>O jovem piloto italiano, Enrico Oldrati, tamb\u00e9m n\u00e3o esconde a sua motiva\u00e7\u00e3o para a participa\u00e7\u00e3o na primeira prova do Campeonato de Portugal de Ralis, principalmente porque poder\u00e1 preparar da melhor forma a sua participa\u00e7\u00e3o no Rally de Portugal. <b>&#8220;Estou muito feliz por regressar a Portugal para participar no Rallye Serras de Fafe. Vou aproveitar este rali para preparar o meu terceiro Rally de Portugal, que decorrer\u00e1 em Maio, e no qual estive perto de vencer anteriormente. Este ano quero estar preparado para a prova e com a colabora\u00e7\u00e3o da The Racing Factory tenho certeza que podemos alcan\u00e7ar grandes resultados juntos&#8221;<\/b>, destacou o piloto de 24 anos.<\/p>\n<p>Alo\u00edsio Monteiro, por seu turno, admite que este regresso antecipado ao Skoda Fabia R5, n\u00e3o ter\u00e1 componente desportiva associada mas tamb\u00e9m servir\u00e1, naturalmente, para acumular mais quil\u00f3metros ao volante da viatura da marca checa. <b>\u201cAs fun\u00e7\u00f5es de \u2018Carro 0\u2019 s\u00e3o muito espec\u00edficas e n\u00e3o podemos lutar por tempos. O nosso objetivo \u00e9 ser os olhos da organiza\u00e7\u00e3o nos tro\u00e7os deste fant\u00e1stico rali e esperamos estar \u00e0 altura da confian\u00e7a que a Demoporto, na pessoa do Sr. Presidente Carlos Cruz, depositou em n\u00f3s. Ainda assim, vamos aproveitar para somar mais quil\u00f3metros e, de certa, forma preparar para os desafios da temporada 2020 no Campeonato da Europa de Ralis\u201d<\/b>, explicou o piloto e CEO da The Racing Factory.<\/p>\n<p>O Rallye Serras de Fafe e Felgueiras disputar-se-\u00e1 entre os dias 28 e 29 de Fevereiro, com as passagens m\u00edticas por Lu\u00edlhas, Confurco e Salto da Pedra Sentada, num total de 13 especiais cronometradas.<\/p>\t\t\t\t\t\t\t\t<\/div>\n\t\t\t\t<\/div>\n\t\t\t\t<div class=\"elementor-element elementor-element-3ea455f gallery-spacing-custom elementor-widget elementor-widget-image-gallery\" data-id=\"3ea455f\" data-element_type=\"widget\" data-e-type=\"widget\" data-widget_type=\"image-gallery.default\">\n\t\t\t\t<div class=\"elementor-widget-container\">\n\t\t\t\t\t\t\t<div class=\"elementor-image-gallery\">\n\t\t\t\t\t<\/div>\n\t\t\t\t\t\t<\/div>\n\t\t\t\t<\/div>\n\t\t\t\t\t<\/div>\n\t\t<\/div>\n\t\t\t\t\t<\/div>\n\t\t<\/section>\n\t\t\t\t\t<\/div>\n\t\t<\/div>\n\t\t\t\t\t<\/div>\n\t\t<\/section>\n\t\t\t\t<\/div>","protected":false},"excerpt":{"rendered":"<p>Armindo Ara\u00fajo faz a estreia no Skoda Fabia R5 Evo e procura vit\u00f3ria.<br \/>\nPedro Almeida regressa \u00e0s Duas Rodas Motrizes com ambi\u00e7\u00f5es redobradas.<br \/>\nEnrico Oldrati junta-se \u00e0 equipa para preparar Rally de Portugal.<br \/>\nAlo\u00edsio Monteiro Monteiro cumprir\u00e1 fun\u00e7\u00f5es de \u2018Carro 0\u2019.<\/p>","protected":false},"author":1,"featured_media":8963,"comment_status":"closed","ping_status":"open","sticky":false,"template":"elementor_theme","format":"standard","meta":{"wp_social_preview_title":"","wp_social_preview_description":"","wp_social_preview_image":0,"footnotes":""},"categories":[26,41],"tags":[23,24,27,28,29,30,31,33,34,35],"class_list":["post-4541","post","type-post","status-publish","format-standard","has-post-thumbnail","hentry","category-cpr","category-trf","tag-aloisio-monteiro","tag-armindo-araujo","tag-elia-de-guio","tag-enrico-oldrati","tag-hugo-magalhaes","tag-luis-ramalho","tag-pedro-almeida","tag-rallye-serras-de-fafe","tag-sancho-eiro","tag-skoda"],"_links":{"self":[{"href":"https:\/\/www.theracingfactory.pt\/pt\/wp-json\/wp\/v2\/posts\/4541","targetHints":{"allow":["GET"]}}],"collection":[{"href":"https:\/\/www.theracingfactory.pt\/pt\/wp-json\/wp\/v2\/posts"}],"about":[{"href":"https:\/\/www.theracingfactory.pt\/pt\/wp-json\/wp\/v2\/types\/post"}],"author":[{"embeddable":true,"href":"https:\/\/www.theracingfactory.pt\/pt\/wp-json\/wp\/v2\/users\/1"}],"replies":[{"embeddable":true,"href":"https:\/\/www.theracingfactory.pt\/pt\/wp-json\/wp\/v2\/comments?post=4541"}],"version-history":[{"count":4,"href":"https:\/\/www.theracingfactory.pt\/pt\/wp-json\/wp\/v2\/posts\/4541\/revisions"}],"predecessor-version":[{"id":10731,"href":"https:\/\/www.theracingfactory.pt\/pt\/wp-json\/wp\/v2\/posts\/4541\/revisions\/10731"}],"wp:featuredmedia":[{"embeddable":true,"href":"https:\/\/www.theracingfactory.pt\/pt\/wp-json\/wp\/v2\/media\/8963"}],"wp:attachment":[{"href":"https:\/\/www.theracingfactory.pt\/pt\/wp-json\/wp\/v2\/media?parent=4541"}],"wp:term":[{"taxonomy":"category","embeddable":true,"href":"https:\/\/www.theracingfactory.pt\/pt\/wp-json\/wp\/v2\/categories?post=4541"},{"taxonomy":"post_tag","embeddable":true,"href":"https:\/\/www.theracingfactory.pt\/pt\/wp-json\/wp\/v2\/tags?post=4541"}],"curies":[{"name":"wp","href":"https:\/\/api.w.org\/{rel}","templated":true}]}}