{"id":4567,"date":"2020-07-05T18:30:55","date_gmt":"2020-07-05T17:30:55","guid":{"rendered":"http:\/\/www.theracingfactory.pt\/?p=4567"},"modified":"2025-04-29T10:54:47","modified_gmt":"2025-04-29T10:54:47","slug":"the-racing-factory-e-armindo-araujo-vencem-novamente","status":"publish","type":"post","link":"https:\/\/www.theracingfactory.pt\/pt\/the-racing-factory-e-armindo-araujo-vencem-novamente\/","title":{"rendered":"The Racing Factory e Armindo Ara\u00fajo vencem novamente"},"content":{"rendered":"<div data-elementor-type=\"wp-post\" data-elementor-id=\"4567\" class=\"elementor elementor-4567\">\n\t\t\t\t\t\t<section class=\"elementor-section elementor-top-section elementor-element elementor-element-84933de elementor-section-boxed elementor-section-height-default elementor-section-height-default\" data-id=\"84933de\" data-element_type=\"section\" data-e-type=\"section\" data-settings=\"{&quot;background_background&quot;:&quot;gradient&quot;}\">\n\t\t\t\t\t\t<div class=\"elementor-container elementor-column-gap-default\">\n\t\t\t\t\t<div class=\"elementor-column elementor-col-100 elementor-top-column elementor-element elementor-element-45ce2785\" data-id=\"45ce2785\" data-element_type=\"column\" data-e-type=\"column\" data-settings=\"{&quot;background_background&quot;:&quot;classic&quot;}\">\n\t\t\t<div class=\"elementor-widget-wrap elementor-element-populated\">\n\t\t\t\t\t\t<section class=\"elementor-section elementor-inner-section elementor-element elementor-element-1702ca22 elementor-section-full_width elementor-section-height-default elementor-section-height-default\" data-id=\"1702ca22\" data-element_type=\"section\" data-e-type=\"section\">\n\t\t\t\t\t\t<div class=\"elementor-container elementor-column-gap-no\">\n\t\t\t\t\t<div class=\"elementor-column elementor-col-100 elementor-inner-column elementor-element elementor-element-3f02fcf2\" data-id=\"3f02fcf2\" data-element_type=\"column\" data-e-type=\"column\">\n\t\t\t<div class=\"elementor-widget-wrap elementor-element-populated\">\n\t\t\t\t\t\t<div class=\"elementor-element elementor-element-4dd00a38 elementor-widget elementor-widget-theme-post-title elementor-page-title elementor-widget-heading\" data-id=\"4dd00a38\" data-element_type=\"widget\" data-e-type=\"widget\" data-widget_type=\"theme-post-title.default\">\n\t\t\t\t<div class=\"elementor-widget-container\">\n\t\t\t\t\t<h1 class=\"elementor-heading-title elementor-size-default\">The Racing Factory e Armindo Ara\u00fajo vencem novamente<\/h1>\t\t\t\t<\/div>\n\t\t\t\t<\/div>\n\t\t\t\t<div class=\"elementor-element elementor-element-3aa8c26b elementor-widget elementor-widget-text-editor\" data-id=\"3aa8c26b\" data-element_type=\"widget\" data-e-type=\"widget\" data-widget_type=\"text-editor.default\">\n\t\t\t\t<div class=\"elementor-widget-container\">\n\t\t\t\t\t\t\t\t\t<ul>\n<li>Armindo Ara\u00fajo d\u00e1 nova vit\u00f3ria \u00e0 TRF no Campeonato de Portugal de Ralis<\/li>\n<li>Pedro Almeida fez a estreia do Peugeot 208 Rally 4 da The Racing Factory<\/li>\n<li>Pr\u00f3ximo desafio da equipa \u00e9 o Rali da Calheta, na Ilha da Madeira<\/li>\n<\/ul>\n<p>A The Racing Factory voltou \u00e0s vit\u00f3rias no Campeonato de Portugal de Ralis. Depois do triunfo no Rallye Serras de Fafe e da interrup\u00e7\u00e3o do campeonato devido \u00e0 pandemia que atravessamos, a estrutura liderada por Alo\u00edsio Monteiro venceu novamente, desta feita no Rali de Castelo Branco, de novo por interm\u00e9dio da dupla Armindo Ara\u00fajo &#8211; Lu\u00eds Ramalho, em \u0160<span style=\"font-size: 14px;\">koda Fabia R5 Evo.<\/span><\/p>\n<p>Uma vit\u00f3ria suada numa prova marcada pelas altas temperaturas que se fizeram sentir neste fim-de-semana competitivo albicastrense. Justino Reis mostrava-se visivelmente satisfeito com o regresso da competi\u00e7\u00e3o e n\u00e3o esqueceu quem tornou poss\u00edvel a realiza\u00e7\u00e3o da prova. <strong>&#8220;Antes de mais queria deixar uma palavra para a organiza\u00e7\u00e3o do Rali de Castelo Branco, que nos proporcionou condi\u00e7\u00f5es para a realiza\u00e7\u00e3o de uma prova segura, de acordo com o plano de conting\u00eancia da FPAK, e onde o muito p\u00fablico presente correspondeu aos apelos feitos, comprovando que os Ralis s\u00e3o um desporto poss\u00edvel de realizar mesmo durante esta fase&#8221;, come\u00e7ou por dizer o Team Manager da equipa de Santa Maria da Feira antes de parabenizar o trabalho feito por Armindo Ara\u00fajo e todo o staff da The Racing Factory: &#8220;A vit\u00f3ria do Armindo Ara\u00fajo e Lu\u00eds Ramalho vem na linha do empenho que os pilotos e a equipas tem demonstrado neste in\u00edcio de campeonato, focados nos objetivos. Nesta prova, disputada em condi\u00e7\u00f5es atmosf\u00e9ricas muito dif\u00edceis, todo a gente, pilotos e equipa, foi colocada \u00e0 prova, tendo demonstrado enorme sentido de responsabilidade face aos objetivos da equipa. A vit\u00f3ria foi ainda mais merit\u00f3ria, tendo em conta a competitividade demonstrada pela concorr\u00eancia.&#8221;<\/strong><\/p>\n<p>Outros dos pontos altos do Rali de Castelo Branco foi a estreia oficial, depois da sua homologa\u00e7\u00e3o, do novo Peugeot 208 Rally 4, pelas m\u00e3os do piloto da The Racing Factory, Pedro Almeida. Uma estreia agri-doce, tendo em conta o resultado final. <b>&#8220;O Pedro e o Hugo fizeram um excelente trabalho na estreia com o novo Peugeot 208 Rally 4, apesar de n\u00e3o terem sido felizes. V\u00e1rias foram as conting\u00eancias logo no primeiro dia, onde ao encontrarem concorrentes mais lentos e um furo, obrigaram a dupla a trabalhos redobrados. A tentar lutar pelos melhores tempos acabaram por sofrer uma ligeira sa\u00edda de estrada que colocou um ponto final na sua participa\u00e7\u00e3o neste evento, mas n\u00e3o tira o m\u00e9rito \u00e0 sua presta\u00e7\u00e3o. Uma prova onde demonstraram um bom n\u00edvel e que serviu j\u00e1 como uma enorme aprendizagem desta nova viatura e deixando j\u00e1 importantes notas de como tirar o m\u00e1ximo partido da mesma no futuro&#8221;<\/b>, explicou.<\/p>\n<p>O pr\u00f3ximo desafio da equipa realiza-se j\u00e1 dentro de aproximadamente 15 dias, com a viagem at\u00e9 \u00e0 Ilha da Madeira para a realiza\u00e7\u00e3o do Rali da Calheta. Nesta prova a estrutura de Santa Maria da Feira contar\u00e1 com a dupla Armindo Ara\u00fajo-Lu\u00eds Ramalho (\u0160koda Fabia R5 Evo), Pedro Almeida-Hugo Magalh\u00e3es (Peugeot 208 Rally 4) e ainda contar\u00e1 com a dupla madeirense Miguel Nunes &#8211; Jo\u00e3o Paulo (\u0160koda Fabia R5 Evo) a quem prestar\u00e1 apoio t\u00e9cnico.<\/p>\t\t\t\t\t\t\t\t<\/div>\n\t\t\t\t<\/div>\n\t\t\t\t<div class=\"elementor-element elementor-element-3ea455f gallery-spacing-custom elementor-widget elementor-widget-image-gallery\" data-id=\"3ea455f\" data-element_type=\"widget\" data-e-type=\"widget\" data-widget_type=\"image-gallery.default\">\n\t\t\t\t<div class=\"elementor-widget-container\">\n\t\t\t\t\t\t\t<div class=\"elementor-image-gallery\">\n\t\t\t\t\t<\/div>\n\t\t\t\t\t\t<\/div>\n\t\t\t\t<\/div>\n\t\t\t\t\t<\/div>\n\t\t<\/div>\n\t\t\t\t\t<\/div>\n\t\t<\/section>\n\t\t\t\t\t<\/div>\n\t\t<\/div>\n\t\t\t\t\t<\/div>\n\t\t<\/section>\n\t\t\t\t<\/div>","protected":false},"excerpt":{"rendered":"<p>A The Racing Factory voltou \u00e0s vit\u00f3rias no Campeonato de Portugal de Ralis. Depois do triunfo no Rallye Serras de Fafe e da interrup\u00e7\u00e3o do campeonato devido \u00e0 pandemia que atravessamos, a estrutura liderada por Alo\u00edsio Monteiro venceu novamente, desta feita no Rali de Castelo Branco, de novo por interm\u00e9dio da dupla Armindo Ara\u00fajo &#8211; Lu\u00eds Ramalho, em Skoda Fabia R5 Evo.<\/p>","protected":false},"author":1,"featured_media":8970,"comment_status":"closed","ping_status":"open","sticky":false,"template":"elementor_theme","format":"standard","meta":{"wp_social_preview_title":"","wp_social_preview_description":"","wp_social_preview_image":0,"footnotes":""},"categories":[26],"tags":[24,25,29,30,31,58,59,60],"class_list":["post-4567","post","type-post","status-publish","format-standard","has-post-thumbnail","hentry","category-cpr","tag-armindo-araujo","tag-campeonato-de-portugal-de-ralis","tag-hugo-magalhaes","tag-luis-ramalho","tag-pedro-almeida","tag-peugeot-208-rally-4","tag-rali-de-castelo-branco","tag-skoda-fabia-r5-evo"],"_links":{"self":[{"href":"https:\/\/www.theracingfactory.pt\/pt\/wp-json\/wp\/v2\/posts\/4567","targetHints":{"allow":["GET"]}}],"collection":[{"href":"https:\/\/www.theracingfactory.pt\/pt\/wp-json\/wp\/v2\/posts"}],"about":[{"href":"https:\/\/www.theracingfactory.pt\/pt\/wp-json\/wp\/v2\/types\/post"}],"author":[{"embeddable":true,"href":"https:\/\/www.theracingfactory.pt\/pt\/wp-json\/wp\/v2\/users\/1"}],"replies":[{"embeddable":true,"href":"https:\/\/www.theracingfactory.pt\/pt\/wp-json\/wp\/v2\/comments?post=4567"}],"version-history":[{"count":4,"href":"https:\/\/www.theracingfactory.pt\/pt\/wp-json\/wp\/v2\/posts\/4567\/revisions"}],"predecessor-version":[{"id":10719,"href":"https:\/\/www.theracingfactory.pt\/pt\/wp-json\/wp\/v2\/posts\/4567\/revisions\/10719"}],"wp:featuredmedia":[{"embeddable":true,"href":"https:\/\/www.theracingfactory.pt\/pt\/wp-json\/wp\/v2\/media\/8970"}],"wp:attachment":[{"href":"https:\/\/www.theracingfactory.pt\/pt\/wp-json\/wp\/v2\/media?parent=4567"}],"wp:term":[{"taxonomy":"category","embeddable":true,"href":"https:\/\/www.theracingfactory.pt\/pt\/wp-json\/wp\/v2\/categories?post=4567"},{"taxonomy":"post_tag","embeddable":true,"href":"https:\/\/www.theracingfactory.pt\/pt\/wp-json\/wp\/v2\/tags?post=4567"}],"curies":[{"name":"wp","href":"https:\/\/api.w.org\/{rel}","templated":true}]}}