{"id":4595,"date":"2020-07-21T16:20:29","date_gmt":"2020-07-21T15:20:29","guid":{"rendered":"http:\/\/www.theracingfactory.pt\/?p=4595"},"modified":"2025-04-29T10:54:47","modified_gmt":"2025-04-29T10:54:47","slug":"the-racing-factory-e-pedro-almeida-no-arranque-do-europeu-de-ralis","status":"publish","type":"post","link":"https:\/\/www.theracingfactory.pt\/pt\/the-racing-factory-e-pedro-almeida-no-arranque-do-europeu-de-ralis\/","title":{"rendered":"The Racing Factory e Pedro Almeida no arranque do Europeu de Ralis"},"content":{"rendered":"<div data-elementor-type=\"wp-post\" data-elementor-id=\"4595\" class=\"elementor elementor-4595\">\n\t\t\t\t\t\t<section class=\"elementor-section elementor-top-section elementor-element elementor-element-84933de elementor-section-boxed elementor-section-height-default elementor-section-height-default\" data-id=\"84933de\" data-element_type=\"section\" data-e-type=\"section\" data-settings=\"{&quot;background_background&quot;:&quot;gradient&quot;}\">\n\t\t\t\t\t\t<div class=\"elementor-container elementor-column-gap-default\">\n\t\t\t\t\t<div class=\"elementor-column elementor-col-100 elementor-top-column elementor-element elementor-element-45ce2785\" data-id=\"45ce2785\" data-element_type=\"column\" data-e-type=\"column\" data-settings=\"{&quot;background_background&quot;:&quot;classic&quot;}\">\n\t\t\t<div class=\"elementor-widget-wrap elementor-element-populated\">\n\t\t\t\t\t\t<section class=\"elementor-section elementor-inner-section elementor-element elementor-element-1702ca22 elementor-section-full_width elementor-section-height-default elementor-section-height-default\" data-id=\"1702ca22\" data-element_type=\"section\" data-e-type=\"section\">\n\t\t\t\t\t\t<div class=\"elementor-container elementor-column-gap-no\">\n\t\t\t\t\t<div class=\"elementor-column elementor-col-100 elementor-inner-column elementor-element elementor-element-3f02fcf2\" data-id=\"3f02fcf2\" data-element_type=\"column\" data-e-type=\"column\">\n\t\t\t<div class=\"elementor-widget-wrap elementor-element-populated\">\n\t\t\t\t\t\t<div class=\"elementor-element elementor-element-4dd00a38 elementor-widget elementor-widget-theme-post-title elementor-page-title elementor-widget-heading\" data-id=\"4dd00a38\" data-element_type=\"widget\" data-e-type=\"widget\" data-widget_type=\"theme-post-title.default\">\n\t\t\t\t<div class=\"elementor-widget-container\">\n\t\t\t\t\t<h1 class=\"elementor-heading-title elementor-size-default\">The Racing Factory e Pedro Almeida no arranque do Europeu de Ralis<\/h1>\t\t\t\t<\/div>\n\t\t\t\t<\/div>\n\t\t\t\t<div class=\"elementor-element elementor-element-3aa8c26b elementor-widget elementor-widget-text-editor\" data-id=\"3aa8c26b\" data-element_type=\"widget\" data-e-type=\"widget\" data-widget_type=\"text-editor.default\">\n\t\t\t\t<div class=\"elementor-widget-container\">\n\t\t\t\t\t\t\t\t\t<ul>\n<li>Piloto famalicense faz a sua estreia internacional ao lado de Hugo Magalh\u00e3es<\/li>\n<li>Pedro Almeida ir\u00e1 competir na categoria ERC3 Junior<\/li>\n<li>The Racing Factory mant\u00e9m aposta no Campeonato da Europa de Ralis<\/li>\n<\/ul>\n<p>Enfim, o arranque do Campeonato da Europa de Ralis. Devido \u00e0 Pandemia de Covid-19, o ERC 2020 sofreu sucessivos adiamentos e cancelamentos. Previsto para come\u00e7ar em Mar\u00e7o, no Rali dos A\u00e7ores, a competi\u00e7\u00e3o de ralis mais importante do velho continente reorganizou-se, por forma a chegar ao Rally di Roma Capitale, em It\u00e1lia, em condi\u00e7\u00f5es para receber a armada europeia de ralis. Com uma lista de inscritos invej\u00e1vel, que incluir\u00e1 nomes como o piloto do WRC, Dani Sordo, a prova marcar\u00e1 a estreia da dupla Pedro Almeida\/Hugo Magalh\u00e3es a n\u00edvel internacional, competindo na categoria ERC3 Junior.<\/p>\n<p>A The Racing Factory leva a It\u00e1lia o novo duas rodas motrizes da marca francesa, o Peugeot 208 Rally 4, e isso deixa o Team Manager da equipa, Justino Reis, com um feeling muito positivo para este desafio: <b>\u201cDepois de um per\u00edodo complicado para todos os que vivem os ralis, parece que a normalidade come\u00e7a a regressar e prova disso \u00e9 o in\u00edcio do Campeonato Europeu de Ralis. Em It\u00e1lia, a The Racing Factory ir\u00e1 contar com a presen\u00e7a do Pedro Almeida, que depois de ter estreado o Peugeot 208 Rally 4 em Castelo Branco e de ter vencido o Rali da Calheta entre os 2RM ao volante do carro da marca francesa, chega a Roma j\u00e1 com bastantes quil\u00f3metros somados&#8221;<\/b>, destacou.<\/p>\n<p>J\u00e1 Pedro Almeida acredita que o trabalho realizado at\u00e9 aqui pode ajudar nesta estreia em Roma. <b>&#8220;Ser\u00e1 tudo novo para n\u00f3s mas partimos com muita confian\u00e7a. O trabalho que temos desenvolvido, tanto com o Hugo Magalh\u00e3es como com a The Racing Factory, d\u00e1-nos bons indicadores. Vamos ver como decorrem os reconhecimentos e depois encarar com toda a garra a exig\u00eancia da prova em Roma\u201d<\/b>, explicou.<\/p>\t\t\t\t\t\t\t\t<\/div>\n\t\t\t\t<\/div>\n\t\t\t\t<div class=\"elementor-element elementor-element-8cdc0af elementor-widget elementor-widget-image\" data-id=\"8cdc0af\" data-element_type=\"widget\" data-e-type=\"widget\" data-widget_type=\"image.default\">\n\t\t\t\t<div class=\"elementor-widget-container\">\n\t\t\t\t\t\t\t\t\t\t\t\t<figure class=\"wp-caption\">\n\t\t\t\t\t\t\t\t\t\t<img decoding=\"async\" src=\"http:\/\/www.theracingfactory.pt\/wp-content\/uploads\/2020\/07\/3b015721-3ef1-46ee-9d5d-0fbd6c9ac321.jpeg\" alt=\"\" loading=\"lazy\" \/>\t\t\t\t\t\t\t\t\t\t\t<figcaption class=\"widget-image-caption wp-caption-text\"><\/figcaption>\n\t\t\t\t\t\t\t\t\t\t<\/figure>\n\t\t\t\t\t\t\t\t\t<\/div>\n\t\t\t\t<\/div>\n\t\t\t\t<div class=\"elementor-element elementor-element-4b73d2d elementor-widget elementor-widget-text-editor\" data-id=\"4b73d2d\" data-element_type=\"widget\" data-e-type=\"widget\" data-widget_type=\"text-editor.default\">\n\t\t\t\t<div class=\"elementor-widget-container\">\n\t\t\t\t\t\t\t\t\t<div><span style=\"font-size: 14px;\">Quem n\u00e3o ir\u00e1 marcar presen\u00e7a na abertura do Campeonato da Europa de Ralis \u00e9 o piloto e CEO da The Racing Factory, Alo\u00edsio Monteiro. Com o objetivo e determina\u00e7\u00e3o de manter a aposta no ERC pela terceira temporada consecutiva, Monteiro falha pela primeira vez o arranque da competi\u00e7\u00e3o, devido a motivos profissionais. <\/span><b style=\"font-size: 14px;\">\u201cO nosso objetivo era estar presentes na prova para continuar a nossa evolu\u00e7\u00e3o no Skoda Fabia R5 Evo, contudo tal n\u00e3o ser\u00e1 poss\u00edvel. De qualquer forma, a equipa estar\u00e1 muito bem representada com esta dupla em quem temos plenos confian\u00e7a e a quem queremos dar todas as condi\u00e7\u00f5es para estar ao mais alto n\u00edvel, tanto a n\u00edvel Nacional como Internacional\u201d<\/b><span style=\"font-size: 14px;\">, disse Alo\u00edsio Monteiro.<\/span><br><span style=\"font-size: 14px;\"><br><\/span><span style=\"font-size: 14px;\">O Rally di Roma Capitale vai para a estrada na pr\u00f3xima sexta-feira, e contar\u00e1 com um total de 15 especiais. A prova italiana contar\u00e1 com um total de 813,57km, 197,80km dos quais cronometrados.<\/span><\/div>\t\t\t\t\t\t\t\t<\/div>\n\t\t\t\t<\/div>\n\t\t\t\t\t<\/div>\n\t\t<\/div>\n\t\t\t\t\t<\/div>\n\t\t<\/section>\n\t\t\t\t\t<\/div>\n\t\t<\/div>\n\t\t\t\t\t<\/div>\n\t\t<\/section>\n\t\t\t\t<\/div>","protected":false},"excerpt":{"rendered":"<p>Enfim, o arranque do Campeonato da Europa de Ralis. Devido \u00e0 Pandemia de Covid-19, o ERC 2020 sofreu sucessivos adiamentos e cancelamentos. Previsto para come\u00e7ar em Mar\u00e7o, no Rali dos A\u00e7ores, a competi\u00e7\u00e3o de ralis mais importante do velho continente reorganizou-se, por forma a chegar ao Rally de Roma Capitale, em It\u00e1lia, em condi\u00e7\u00f5es para receber a armada europeia de ralis. Com uma lista de inscritos invej\u00e1vel, que incluir\u00e1 nomes como o piloto do WRC, Dani Sordo, a prova marcar\u00e1 a estreia da dupla Pedro Almeida\/Hugo Magalh\u00e3es a n\u00edvel internacional, competindo na categoria ERC3 Junior.<\/p>","protected":false},"author":1,"featured_media":8977,"comment_status":"closed","ping_status":"open","sticky":false,"template":"elementor_theme","format":"standard","meta":{"wp_social_preview_title":"","wp_social_preview_description":"","wp_social_preview_image":0,"footnotes":""},"categories":[36],"tags":[70,71,37,72,29,31,58,73],"class_list":["post-4595","post","type-post","status-publish","format-standard","has-post-thumbnail","hentry","category-erc","tag-campeonato-europeu-de-ralis","tag-erc","tag-european-rally-championship","tag-fia-erc","tag-hugo-magalhaes","tag-pedro-almeida","tag-peugeot-208-rally-4","tag-rally-di-roma-capitale"],"_links":{"self":[{"href":"https:\/\/www.theracingfactory.pt\/pt\/wp-json\/wp\/v2\/posts\/4595","targetHints":{"allow":["GET"]}}],"collection":[{"href":"https:\/\/www.theracingfactory.pt\/pt\/wp-json\/wp\/v2\/posts"}],"about":[{"href":"https:\/\/www.theracingfactory.pt\/pt\/wp-json\/wp\/v2\/types\/post"}],"author":[{"embeddable":true,"href":"https:\/\/www.theracingfactory.pt\/pt\/wp-json\/wp\/v2\/users\/1"}],"replies":[{"embeddable":true,"href":"https:\/\/www.theracingfactory.pt\/pt\/wp-json\/wp\/v2\/comments?post=4595"}],"version-history":[{"count":4,"href":"https:\/\/www.theracingfactory.pt\/pt\/wp-json\/wp\/v2\/posts\/4595\/revisions"}],"predecessor-version":[{"id":10713,"href":"https:\/\/www.theracingfactory.pt\/pt\/wp-json\/wp\/v2\/posts\/4595\/revisions\/10713"}],"wp:featuredmedia":[{"embeddable":true,"href":"https:\/\/www.theracingfactory.pt\/pt\/wp-json\/wp\/v2\/media\/8977"}],"wp:attachment":[{"href":"https:\/\/www.theracingfactory.pt\/pt\/wp-json\/wp\/v2\/media?parent=4595"}],"wp:term":[{"taxonomy":"category","embeddable":true,"href":"https:\/\/www.theracingfactory.pt\/pt\/wp-json\/wp\/v2\/categories?post=4595"},{"taxonomy":"post_tag","embeddable":true,"href":"https:\/\/www.theracingfactory.pt\/pt\/wp-json\/wp\/v2\/tags?post=4595"}],"curies":[{"name":"wp","href":"https:\/\/api.w.org\/{rel}","templated":true}]}}