{"id":4659,"date":"2020-08-27T15:40:12","date_gmt":"2020-08-27T14:40:12","guid":{"rendered":"http:\/\/www.theracingfactory.pt\/?p=4659"},"modified":"2025-04-29T10:54:47","modified_gmt":"2025-04-29T10:54:47","slug":"the-racing-factory-procura-mais-vitorias-no-rali-do-alto-tamega","status":"publish","type":"post","link":"https:\/\/www.theracingfactory.pt\/pt\/the-racing-factory-procura-mais-vitorias-no-rali-do-alto-tamega\/","title":{"rendered":"The Racing Factory procura mais vit\u00f3rias no Rali do Alto T\u00e2mega"},"content":{"rendered":"<div data-elementor-type=\"wp-post\" data-elementor-id=\"4659\" class=\"elementor elementor-4659\">\n\t\t\t\t\t\t<section class=\"elementor-section elementor-top-section elementor-element elementor-element-84933de elementor-section-boxed elementor-section-height-default elementor-section-height-default\" data-id=\"84933de\" data-element_type=\"section\" data-e-type=\"section\" data-settings=\"{&quot;background_background&quot;:&quot;gradient&quot;}\">\n\t\t\t\t\t\t<div class=\"elementor-container elementor-column-gap-default\">\n\t\t\t\t\t<div class=\"elementor-column elementor-col-100 elementor-top-column elementor-element elementor-element-45ce2785\" data-id=\"45ce2785\" data-element_type=\"column\" data-e-type=\"column\" data-settings=\"{&quot;background_background&quot;:&quot;classic&quot;}\">\n\t\t\t<div class=\"elementor-widget-wrap elementor-element-populated\">\n\t\t\t\t\t\t<section class=\"elementor-section elementor-inner-section elementor-element elementor-element-1702ca22 elementor-section-full_width elementor-section-height-default elementor-section-height-default\" data-id=\"1702ca22\" data-element_type=\"section\" data-e-type=\"section\">\n\t\t\t\t\t\t<div class=\"elementor-container elementor-column-gap-no\">\n\t\t\t\t\t<div class=\"elementor-column elementor-col-100 elementor-inner-column elementor-element elementor-element-3f02fcf2\" data-id=\"3f02fcf2\" data-element_type=\"column\" data-e-type=\"column\">\n\t\t\t<div class=\"elementor-widget-wrap elementor-element-populated\">\n\t\t\t\t\t\t<div class=\"elementor-element elementor-element-4dd00a38 elementor-widget elementor-widget-theme-post-title elementor-page-title elementor-widget-heading\" data-id=\"4dd00a38\" data-element_type=\"widget\" data-e-type=\"widget\" data-widget_type=\"theme-post-title.default\">\n\t\t\t\t<div class=\"elementor-widget-container\">\n\t\t\t\t\t<h1 class=\"elementor-heading-title elementor-size-default\">The Racing Factory procura mais vit\u00f3rias no Rali do Alto T\u00e2mega<\/h1>\t\t\t\t<\/div>\n\t\t\t\t<\/div>\n\t\t\t\t<div class=\"elementor-element elementor-element-3aa8c26b elementor-widget elementor-widget-text-editor\" data-id=\"3aa8c26b\" data-element_type=\"widget\" data-e-type=\"widget\" data-widget_type=\"text-editor.default\">\n\t\t\t\t<div class=\"elementor-widget-container\">\n\t\t\t\t\t\t\t\t\t<ul class=\"h2qkufi5 dqqs1ljq\">\n<li>Armindo Ara\u00fajo, l\u00edder do campeonato, mostra-se motivado<\/li>\n<li>Pedro Almeida estreia-se na Peugeot Rally Cup Iberica<\/li>\n<li>Rali do Alto T\u00e2mega \u00e9 um regresso ao CPR quase 30 anos depois<\/li>\n<\/ul>\n<p>\u00c9 com enorme motiva\u00e7\u00e3o e ambi\u00e7\u00e3o que a The Racing Factory arranca para a quarta ronda do Campeonato de Portugal de Ralis. Nos tr\u00eas eventos do CPR realizados em 2020, outras tantas vit\u00f3rias para a equipa liderada por Alo\u00edsio Monteiro.<\/p>\n<p><span style=\"font-size: 14px;\">Pela frente um desafio novo no campeonato para todas as equipas o que deixa todos em p\u00e9 de igualdade para o Rali do Alto T\u00e2mega, prova rec\u00e9m-promovida ao escal\u00e3o mais alto dos ralis em Portugal. Para Justino Reis, Team Manager da equipa sediada em Santa Maria da Feria esta <\/span><strong style=\"font-size: 14px;\">\u201c\u00e9 uma excelente oportunidade para continuar mostrar as capacidades da equipa. O desafio avizinha-se dif\u00edcil, com especiais longas e desconhecidas por todos os pilotos do pelot\u00e3o nacional. Aumenta a dificuldade, mas tamb\u00e9m a expectativa e foi por isso que trabalh\u00e1mos de forma afincada para estar preparados para lutar pela vit\u00f3ria, \u00e0 Geral e na Peugeot Rally Cup Iberica, com o Armindo Ara\u00fajo e o Pedro Almeida\u201d<\/strong><span style=\"font-size: 14px;\">, come\u00e7ou por dizer Justino Reis antes de explicar que <\/span><strong style=\"font-size: 14px;\">\u201ca equipa preparou-se para dar as melhores condi\u00e7\u00f5es aos pilotos. Os pilotos fizeram o trabalho de casa, testaram e v\u00e3o reconhecer por forma a ser competitivos. Neste momento s\u00f3 nos espera esperar pelo in\u00edcio da prova e aguardar que os resultados estejam ao n\u00edvel que desejamos.\u201d<\/strong><br><\/p>\n<p>Para Armindo Ara\u00fajo, l\u00edder do Campeonato de Portugal de Ralis, <strong>\u201cEste \u00e9 um rali completamente novo e acho que isso far\u00e1 esta prova ainda mais interessante. Gosto particularmente dessa situa\u00e7\u00e3o e tamb\u00e9m da quilometragem das especiais, pelo que estamos muito motivados e confiantes. Temos trabalhado muito para estarmos na m\u00e1xima for\u00e7a e o nosso objetivo \u00e9 lutar pela vit\u00f3ria e continuar a liderar o campeonato. Numa prova com estas caracter\u00edsticas n\u00e3o existir\u00e3o grandes t\u00e1ticas. Temos que entrar ao ataque desde a primeira especial, e com apenas seis para disputar, a margem de erro \u00e9 muito pequena\u201d<\/strong>, explicou.<\/p>\n<p>J\u00e1 Pedro Almeida, que nesta prova faz a sua estreia na Peugeot Rally Cup Iberica 2020, explica que esta \u00e9 <strong>\u201cuma competi\u00e7\u00e3o com quase duas dezenas de pilotos \u00e0 partida, com carros semelhantes, e onde queremos estar \u00e0 altura de um desafio que vai trazer muita competitividade entre todos. Vamos fazer as quatro provas desta Cup Ib\u00e9rica, e a nossa queremos come\u00e7ar bem\u201d<\/strong>, disse. O piloto acrescenta estar com expectativa sobre esta competi\u00e7\u00e3o. <strong>\u201c\u00c9 um trofeu novo para n\u00f3s, com um ritmo muito exigente, e vamos perceber qual o andamento da competi\u00e7\u00e3o, com pilotos jovens como n\u00f3s, e onde todos queremos andar muito depressa\u201d.<\/strong><\/p>\n<p>O Rali do Alto T\u00e2mega vai para a estrada nos dias 29 e 30 de Agosto e conta com 6 especiais de classifica\u00e7\u00e3o, num total de 101,27km cronometrados.<\/p>\t\t\t\t\t\t\t\t<\/div>\n\t\t\t\t<\/div>\n\t\t\t\t<div class=\"elementor-element elementor-element-3ea455f gallery-spacing-custom elementor-widget elementor-widget-image-gallery\" data-id=\"3ea455f\" data-element_type=\"widget\" data-e-type=\"widget\" data-widget_type=\"image-gallery.default\">\n\t\t\t\t<div class=\"elementor-widget-container\">\n\t\t\t\t\t\t\t<div class=\"elementor-image-gallery\">\n\t\t\t\t\t<\/div>\n\t\t\t\t\t\t<\/div>\n\t\t\t\t<\/div>\n\t\t\t\t\t<\/div>\n\t\t<\/div>\n\t\t\t\t\t<\/div>\n\t\t<\/section>\n\t\t\t\t\t<\/div>\n\t\t<\/div>\n\t\t\t\t\t<\/div>\n\t\t<\/section>\n\t\t\t\t<\/div>","protected":false},"excerpt":{"rendered":"<p>\u00c9 com enorme motiva\u00e7\u00e3o e ambi\u00e7\u00e3o que a The Racing Factory arranca para a quarta ronda do Campeonato de Portugal de Ralis. Nos tr\u00eas eventos do CPR realizados em 2020, outras tantas vit\u00f3rias para a equipa liderada por Alo\u00edsio Monteiro.<br \/>\nPela frente um desafio novo no campeonato para todas as equipas o que deixa todos em p\u00e9 de igualdade para o Rali do Alto T\u00e2mega, prova rec\u00e9m-promovida ao escal\u00e3o mais alto dos ralis em Portugal.<\/p>","protected":false},"author":1,"featured_media":8984,"comment_status":"closed","ping_status":"open","sticky":false,"template":"elementor_theme","format":"standard","meta":{"wp_social_preview_title":"","wp_social_preview_description":"","wp_social_preview_image":0,"footnotes":""},"categories":[26,40],"tags":[24,25,64,29,65,30,31,58,39,68,77,78,60],"class_list":["post-4659","post","type-post","status-publish","format-standard","has-post-thumbnail","hentry","category-cpr","category-prci","tag-armindo-araujo","tag-campeonato-de-portugal-de-ralis","tag-cpr","tag-hugo-magalhaes","tag-joao-paulo","tag-luis-ramalho","tag-pedro-almeida","tag-peugeot-208-rally-4","tag-peugeot-rally-cup-iberica","tag-portuguese-rally-championship","tag-prci","tag-rali-alto-tamega","tag-skoda-fabia-r5-evo"],"_links":{"self":[{"href":"https:\/\/www.theracingfactory.pt\/pt\/wp-json\/wp\/v2\/posts\/4659","targetHints":{"allow":["GET"]}}],"collection":[{"href":"https:\/\/www.theracingfactory.pt\/pt\/wp-json\/wp\/v2\/posts"}],"about":[{"href":"https:\/\/www.theracingfactory.pt\/pt\/wp-json\/wp\/v2\/types\/post"}],"author":[{"embeddable":true,"href":"https:\/\/www.theracingfactory.pt\/pt\/wp-json\/wp\/v2\/users\/1"}],"replies":[{"embeddable":true,"href":"https:\/\/www.theracingfactory.pt\/pt\/wp-json\/wp\/v2\/comments?post=4659"}],"version-history":[{"count":4,"href":"https:\/\/www.theracingfactory.pt\/pt\/wp-json\/wp\/v2\/posts\/4659\/revisions"}],"predecessor-version":[{"id":10703,"href":"https:\/\/www.theracingfactory.pt\/pt\/wp-json\/wp\/v2\/posts\/4659\/revisions\/10703"}],"wp:featuredmedia":[{"embeddable":true,"href":"https:\/\/www.theracingfactory.pt\/pt\/wp-json\/wp\/v2\/media\/8984"}],"wp:attachment":[{"href":"https:\/\/www.theracingfactory.pt\/pt\/wp-json\/wp\/v2\/media?parent=4659"}],"wp:term":[{"taxonomy":"category","embeddable":true,"href":"https:\/\/www.theracingfactory.pt\/pt\/wp-json\/wp\/v2\/categories?post=4659"},{"taxonomy":"post_tag","embeddable":true,"href":"https:\/\/www.theracingfactory.pt\/pt\/wp-json\/wp\/v2\/tags?post=4659"}],"curies":[{"name":"wp","href":"https:\/\/api.w.org\/{rel}","templated":true}]}}