{"id":5451,"date":"2021-03-02T19:30:08","date_gmt":"2021-03-02T19:30:08","guid":{"rendered":"http:\/\/www.theracingfactory.pt\/?p=5451"},"modified":"2025-04-29T10:54:47","modified_gmt":"2025-04-29T10:54:47","slug":"the-racing-factory-apresenta-gravel-test-center","status":"publish","type":"post","link":"https:\/\/www.theracingfactory.pt\/pt\/the-racing-factory-apresenta-gravel-test-center\/","title":{"rendered":"The Racing Factory apresenta Gravel Test Center"},"content":{"rendered":"<div data-elementor-type=\"wp-post\" data-elementor-id=\"5451\" class=\"elementor elementor-5451\">\n\t\t\t\t\t\t<section class=\"elementor-section elementor-top-section elementor-element elementor-element-84933de elementor-section-boxed elementor-section-height-default elementor-section-height-default\" data-id=\"84933de\" data-element_type=\"section\" data-e-type=\"section\" data-settings=\"{&quot;background_background&quot;:&quot;gradient&quot;}\">\n\t\t\t\t\t\t<div class=\"elementor-container elementor-column-gap-default\">\n\t\t\t\t\t<div class=\"elementor-column elementor-col-100 elementor-top-column elementor-element elementor-element-45ce2785\" data-id=\"45ce2785\" data-element_type=\"column\" data-e-type=\"column\" data-settings=\"{&quot;background_background&quot;:&quot;classic&quot;}\">\n\t\t\t<div class=\"elementor-widget-wrap elementor-element-populated\">\n\t\t\t\t\t\t<section class=\"elementor-section elementor-inner-section elementor-element elementor-element-1702ca22 elementor-section-full_width elementor-section-height-default elementor-section-height-default\" data-id=\"1702ca22\" data-element_type=\"section\" data-e-type=\"section\">\n\t\t\t\t\t\t<div class=\"elementor-container elementor-column-gap-no\">\n\t\t\t\t\t<div class=\"elementor-column elementor-col-100 elementor-inner-column elementor-element elementor-element-3f02fcf2\" data-id=\"3f02fcf2\" data-element_type=\"column\" data-e-type=\"column\">\n\t\t\t<div class=\"elementor-widget-wrap elementor-element-populated\">\n\t\t\t\t\t\t<div class=\"elementor-element elementor-element-4dd00a38 elementor-widget elementor-widget-theme-post-title elementor-page-title elementor-widget-heading\" data-id=\"4dd00a38\" data-element_type=\"widget\" data-e-type=\"widget\" data-widget_type=\"theme-post-title.default\">\n\t\t\t\t<div class=\"elementor-widget-container\">\n\t\t\t\t\t<h1 class=\"elementor-heading-title elementor-size-default\">The Racing Factory apresenta Gravel Test Center<\/h1>\t\t\t\t<\/div>\n\t\t\t\t<\/div>\n\t\t\t\t<div class=\"elementor-element elementor-element-3aa8c26b elementor-widget elementor-widget-text-editor\" data-id=\"3aa8c26b\" data-element_type=\"widget\" data-e-type=\"widget\" data-widget_type=\"text-editor.default\">\n\t\t\t\t<div class=\"elementor-widget-container\">\n\t\t\t\t\t\t\t\t\t<p>H\u00e1 pouco mais de um ano, no decorrer da cerim\u00f3nia de inaugura\u00e7\u00e3o das instala\u00e7\u00f5es f\u00edsicas da The Racing Factory, Alo\u00edsio Monteiro lan\u00e7ava o objetivo de criar uma academia de treino e forma\u00e7\u00e3o que pudesse vir a apoiar os pilotos da sua equipa e outros interessados. Hoje, e depois de alguns meses de prepara\u00e7\u00e3o do espa\u00e7o e log\u00edstica associada, a <strong>The Racing Factory <\/strong>tem o prazer de comunicar j\u00e1 um dos primeiros passos nesse sentido, apresentando o projecto <strong>Gravel Test Center TRF by ORT<\/strong>.<\/p><p>J\u00e1 a partir deste m\u00eas de Mar\u00e7o, num projecto em parceria com a ORT &#8211; Outeiro Racing Team, a The Racing Factory passa a contar e disponibilizar\u00a0um espa\u00e7o em pisos de terra dedicado ao exerc\u00edcio exclusivo de treinos, testes e desenvolvimento de viaturas de competi\u00e7\u00e3o e que em breve poder\u00e1 ainda evoluir para a alavancagem de outras ideias e projetos da equipa.<\/p><p>Para Alo\u00edsio Monteiro, CEO da The Racing Factory, este \u00e9 apenas o cumprir de mais um objetivo, pelo qual a equipa j\u00e1 trabalhava h\u00e1 algum tempo. <strong>\u201cPodemos dizer que coloc\u00e1mos uma \u2018primeira pedra\u2019 em mais uma ideia que visa promover o desporto motorizado em territ\u00f3rio nacional. Tivemos a felicidade de encontrar uma enorme abertura da fam\u00edlia ORT e procur\u00e1mos desenvolver um espa\u00e7o privado, com diversos trajetos em pisos de terra, que permitem a realiza\u00e7\u00e3o de testes de viaturas de competi\u00e7\u00e3o e alguns outros tipos de atividades e eventos e que agora d\u00e1 corpo ao nosso Gravel Test Center. Apesar de ainda termos mais algum caminho pela frente at\u00e9 \u00e0 sua cria\u00e7\u00e3o, podemos dizer que pretendemos tamb\u00e9m implementar neste espa\u00e7o uma parte do nosso projeto \u2018Rally School Academy\u2019, um projeto de escola de pilotos e desenvolvimento de condu\u00e7\u00e3o. O caminho est\u00e1 delineado, resta-nos continuar a trabalhar, para por de p\u00e9 esta ideia\u201d, <\/strong>explicou.<\/p><p>Com uma configura\u00e7\u00e3o em circuito, que poder\u00e1 variar na op\u00e7\u00e3o de trajetos a percorrer, o <strong>Gravel Test Center<\/strong> localiza-se no concelho de Leiria e re\u00fane, para al\u00e9m das diversas pistas disponibilizadas que contam com zonas r\u00e1pidas e lentas e da absoluta privacidade do espa\u00e7o, um conjunto de excelentes condi\u00e7\u00f5es para apoiar o trabalho das equipas, nomeadamente uma base de trabalho em zona limpa, com disponibilidade de pontos de eletricidade, pontos de \u00e1gua, um balne\u00e1rio e WC para apoio dos clientes.<\/p><p>Justino Reis, mostrava-se tamb\u00e9m muito satisfeito com o lan\u00e7amento oficial deste espa\u00e7o, que j\u00e1 foi \u2018aprovado\u2019 pelos principais clientes da equipa de Santa Maria da Feira, entre os quais, o Campe\u00e3o Nacional de Ralis, Armindo Ara\u00fajo. <strong>\u201cAcima de tudo, este Gravel Test Center servir\u00e1 como uma excelente base para que os pilotos possam testar e desenvolver as suas viaturas num espa\u00e7o com total seguran\u00e7a e privacidade, num trajeto desenhado para maximizar uma excelente possibilidade de afina\u00e7\u00e3o de viaturas em pisos de terra. Neste momento, e numa fase em que ainda estamos a desenvolver outras alternativas e melhoramentos, j\u00e1 estar\u00e3o dispon\u00edveis trajetos que variam entre circuitos curtos, com cerca de 800 metros, at\u00e9 vers\u00f5es mais longas, a rondar os 3 quil\u00f3metros. Outros trajetos com ligeiro aumento na dist\u00e2ncia dever\u00e3o ser brevemente disponibilizados\u201d.<\/strong><\/p><p>Para potenciar este espa\u00e7o, a The Racing Factory e a ORT perspetivam ainda a possibilidade de, para al\u00e9m da instala\u00e7\u00e3o de uma \u2018Rally School\u2019, a realiza\u00e7\u00e3o de a\u00e7\u00f5es na \u00e1rea de desenvolvimento de pilotos e co-pilotos, apresenta\u00e7\u00f5es de viaturas, Race &amp; Co-driver experiences, aluguer de viaturas, eventos empresariais, entre outros.<\/p><p>Os interessados em recorrer a este espa\u00e7o podem conhecer um pouco mais do mesmo assistindo ao v\u00eddeo que deixamos abaixo:<\/p>\t\t\t\t\t\t\t\t<\/div>\n\t\t\t\t<\/div>\n\t\t\t\t<div class=\"elementor-element elementor-element-85aece2 elementor-widget elementor-widget-video\" data-id=\"85aece2\" data-element_type=\"widget\" data-e-type=\"widget\" data-settings=\"{&quot;youtube_url&quot;:&quot;https:\\\/\\\/www.youtube.com\\\/watch?v=I-1FAqNwwLU&amp;feature=youtu.be&quot;,&quot;video_type&quot;:&quot;youtube&quot;}\" data-widget_type=\"video.default\">\n\t\t\t\t<div class=\"elementor-widget-container\">\n\t\t\t\t\t\t\t<div class=\"elementor-wrapper elementor-open-inline\">\n\t\t\t<div class=\"elementor-video\"><\/div>\t\t<\/div>\n\t\t\t\t\t\t<\/div>\n\t\t\t\t<\/div>\n\t\t\t\t<div class=\"elementor-element elementor-element-55f9fff elementor-widget elementor-widget-image-gallery\" data-id=\"55f9fff\" data-element_type=\"widget\" data-e-type=\"widget\" data-widget_type=\"image-gallery.default\">\n\t\t\t\t<div class=\"elementor-widget-container\">\n\t\t\t\t\t\t\t<div class=\"elementor-image-gallery\">\n\t\t\t\t\t<\/div>\n\t\t\t\t\t\t<\/div>\n\t\t\t\t<\/div>\n\t\t\t\t\t<\/div>\n\t\t<\/div>\n\t\t\t\t\t<\/div>\n\t\t<\/section>\n\t\t\t\t\t<\/div>\n\t\t<\/div>\n\t\t\t\t\t<\/div>\n\t\t<\/section>\n\t\t\t\t<\/div>","protected":false},"excerpt":{"rendered":"<p>Hoje, e depois de alguns meses de prepara\u00e7\u00e3o do espa\u00e7o e log\u00edstica associada, a The Racing Factory tem o prazer de comunicar j\u00e1 um dos primeiros passos nesse sentido, apresentando o projecto Gravel Test Center TRF by ORT.<\/p>","protected":false},"author":1,"featured_media":9005,"comment_status":"closed","ping_status":"open","sticky":false,"template":"elementor_theme","format":"standard","meta":{"wp_social_preview_title":"","wp_social_preview_description":"","wp_social_preview_image":0,"footnotes":""},"categories":[41],"tags":[100,101,102,103,90,57],"class_list":["post-5451","post","type-post","status-publish","format-standard","has-post-thumbnail","hentry","category-trf","tag-centro-de-testes","tag-gravel-test-center","tag-ort","tag-outeiro-racing-team","tag-the-racing-factory","tag-trf"],"_links":{"self":[{"href":"https:\/\/www.theracingfactory.pt\/pt\/wp-json\/wp\/v2\/posts\/5451","targetHints":{"allow":["GET"]}}],"collection":[{"href":"https:\/\/www.theracingfactory.pt\/pt\/wp-json\/wp\/v2\/posts"}],"about":[{"href":"https:\/\/www.theracingfactory.pt\/pt\/wp-json\/wp\/v2\/types\/post"}],"author":[{"embeddable":true,"href":"https:\/\/www.theracingfactory.pt\/pt\/wp-json\/wp\/v2\/users\/1"}],"replies":[{"embeddable":true,"href":"https:\/\/www.theracingfactory.pt\/pt\/wp-json\/wp\/v2\/comments?post=5451"}],"version-history":[{"count":4,"href":"https:\/\/www.theracingfactory.pt\/pt\/wp-json\/wp\/v2\/posts\/5451\/revisions"}],"predecessor-version":[{"id":10675,"href":"https:\/\/www.theracingfactory.pt\/pt\/wp-json\/wp\/v2\/posts\/5451\/revisions\/10675"}],"wp:featuredmedia":[{"embeddable":true,"href":"https:\/\/www.theracingfactory.pt\/pt\/wp-json\/wp\/v2\/media\/9005"}],"wp:attachment":[{"href":"https:\/\/www.theracingfactory.pt\/pt\/wp-json\/wp\/v2\/media?parent=5451"}],"wp:term":[{"taxonomy":"category","embeddable":true,"href":"https:\/\/www.theracingfactory.pt\/pt\/wp-json\/wp\/v2\/categories?post=5451"},{"taxonomy":"post_tag","embeddable":true,"href":"https:\/\/www.theracingfactory.pt\/pt\/wp-json\/wp\/v2\/tags?post=5451"}],"curies":[{"name":"wp","href":"https:\/\/api.w.org\/{rel}","templated":true}]}}