{"id":6612,"date":"2021-11-18T14:21:43","date_gmt":"2021-11-18T14:21:43","guid":{"rendered":"http:\/\/www.theracingfactory.pt\/?p=6612"},"modified":"2025-04-29T10:54:47","modified_gmt":"2025-04-29T10:54:47","slug":"trf-fabia-e-o-melhor-carro-do-grupo-rally2-equipas-de-clientes","status":"publish","type":"post","link":"https:\/\/www.theracingfactory.pt\/pt\/trf-fabia-e-o-melhor-carro-do-grupo-rally2-equipas-de-clientes\/","title":{"rendered":"TRF: FABIA \u00c9 O MELHOR CARRO DO GRUPO RALLY2 | EQUIPAS DE CLIENTES"},"content":{"rendered":"<div data-elementor-type=\"wp-post\" data-elementor-id=\"6612\" class=\"elementor elementor-6612\">\n\t\t\t\t\t\t<section class=\"elementor-section elementor-top-section elementor-element elementor-element-84933de elementor-section-boxed elementor-section-height-default elementor-section-height-default\" data-id=\"84933de\" data-element_type=\"section\" data-e-type=\"section\" data-settings=\"{&quot;background_background&quot;:&quot;gradient&quot;}\">\n\t\t\t\t\t\t<div class=\"elementor-container elementor-column-gap-default\">\n\t\t\t\t\t<div class=\"elementor-column elementor-col-100 elementor-top-column elementor-element elementor-element-45ce2785\" data-id=\"45ce2785\" data-element_type=\"column\" data-e-type=\"column\" data-settings=\"{&quot;background_background&quot;:&quot;classic&quot;}\">\n\t\t\t<div class=\"elementor-widget-wrap elementor-element-populated\">\n\t\t\t\t\t\t<section class=\"elementor-section elementor-inner-section elementor-element elementor-element-1702ca22 elementor-section-full_width elementor-section-height-default elementor-section-height-default\" data-id=\"1702ca22\" data-element_type=\"section\" data-e-type=\"section\">\n\t\t\t\t\t\t<div class=\"elementor-container elementor-column-gap-no\">\n\t\t\t\t\t<div class=\"elementor-column elementor-col-100 elementor-inner-column elementor-element elementor-element-3f02fcf2\" data-id=\"3f02fcf2\" data-element_type=\"column\" data-e-type=\"column\">\n\t\t\t<div class=\"elementor-widget-wrap elementor-element-populated\">\n\t\t\t\t\t\t<div class=\"elementor-element elementor-element-4dd00a38 elementor-widget elementor-widget-theme-post-title elementor-page-title elementor-widget-heading\" data-id=\"4dd00a38\" data-element_type=\"widget\" data-e-type=\"widget\" data-widget_type=\"theme-post-title.default\">\n\t\t\t\t<div class=\"elementor-widget-container\">\n\t\t\t\t\t<h1 class=\"elementor-heading-title elementor-size-default\">TRF: FABIA \u00c9 O MELHOR CARRO DO GRUPO RALLY2 | EQUIPAS DE CLIENTES<\/h1>\t\t\t\t<\/div>\n\t\t\t\t<\/div>\n\t\t\t\t<div class=\"elementor-element elementor-element-3aa8c26b elementor-widget elementor-widget-text-editor\" data-id=\"3aa8c26b\" data-element_type=\"widget\" data-e-type=\"widget\" data-widget_type=\"text-editor.default\">\n\t\t\t\t<div class=\"elementor-widget-container\">\n\t\t\t\t\t\t\t\t\t<p><strong>No epis\u00f3dio seguinte da nossa s\u00e9rie para clientes, vamos dar uma vista de olhos a Portugal. Nele, a jovem mas bem sucedida equipa The Racing Factory que coopera com pilotos de topo revela a sua abordagem ao desporto de rali, jovens talentos e o \u0160KODA FABIA Rally2.<\/strong><\/p>\t\t\t\t\t\t\t\t<\/div>\n\t\t\t\t<\/div>\n\t\t\t\t<div class=\"elementor-element elementor-element-523b101 elementor-widget elementor-widget-text-editor\" data-id=\"523b101\" data-element_type=\"widget\" data-e-type=\"widget\" data-widget_type=\"text-editor.default\">\n\t\t\t\t<div class=\"elementor-widget-container\">\n\t\t\t\t\t\t\t\t\t<p><strong>A The Racing Factory \u00e9 uma equipa relativamente nova. Pode dizer-nos como tudo come\u00e7ou?<\/strong><br \/>Sim, somos de facto uma equipa ainda muito jovem. A empresa nasceu em meados de 2018 e inici\u00e1mos as nossas opera\u00e7\u00f5es em 2019, depois de termos renovado e modificado completamente a nossa oficina. Hoje, temos 3 anos de funcionamento, tanto no campeonato portugu\u00eas como no campeonato europeu.<\/p><p>Tudo come\u00e7ou com a minha pr\u00f3pria ambi\u00e7\u00e3o de criar uma empresa de desporto autom\u00f3vel que reflectisse o meu empenho e paix\u00e3o pelo desporto. Tendo estado &#8220;nos bastidores&#8221; do desporto autom\u00f3vel durante muitos anos, em v\u00e1rias fun\u00e7\u00f5es, decidi criar a minha pr\u00f3pria equipa para reflectir a minha vis\u00e3o e experi\u00eancia no mundo do desporto autom\u00f3vel e automobil\u00edstico; uma equipa que trabalha ambiciosa, profissional e apaixonadamente todos os dias. Isto \u00e9 o que eu chamo o estilo &#8220;The Racing Factory&#8221;.<\/p><p><strong>Mesmo num per\u00edodo de tempo t\u00e3o curto, conseguiu algumas vit\u00f3rias significativas. Qual acha que \u00e9 a chave do seu sucesso?<\/strong><br \/>Tivemos a sorte de nos ter sido dada a oportunidade e tamb\u00e9m a confian\u00e7a de alguns dos melhores pilotos portugueses com quem trabalhar, desde o in\u00edcio. Gra\u00e7as a isto, tamb\u00e9m conseguimos alcan\u00e7ar vit\u00f3rias importantes num per\u00edodo de tempo t\u00e3o curto. E \u00e9 isto que demonstra a nossa determina\u00e7\u00e3o em ser bem sucedidos e o nosso desejo de crescer com cada um e todos os sucessos. Por conseguinte, a chave do sucesso \u00e9, acima de tudo, o nosso profissionalismo e determina\u00e7\u00e3o.<\/p><p><strong>Qual destas vit\u00f3rias \u00e9 a mais valiosa para a sua equipa?<\/strong><br \/>\u00c9 dif\u00edcil identificar apenas uma. Tivemos alguns momentos muito positivos, e n\u00e3o apenas ganhar vit\u00f3rias individuais ou t\u00edtulos de campe\u00e3o. Mas \u00e9 claro que podemos destacar, por exemplo, o nosso t\u00edtulo do Campeonato Nacional de Rally de Portugal 2020, que alcan\u00e7\u00e1mos com Armindo Ara\u00fajo numa \u00e9poca dif\u00edcil, quando enfrent\u00e1mos problemas e limita\u00e7\u00f5es devido \u00e0 pandemia da COVID-19.<\/p><p><strong>Existem agora muitas equipas profissionais no mundo do rali que prestam os mesmos servi\u00e7os que o senhor. O que acha que torna a sua equipa \u00fanica?<\/strong><br \/>Este \u00e9 um dos pontos-chave. Nunca devemos pensar que a nossa equipa \u00e9 \u00fanica. Precisamos de ser humildes todos os dias para compreender que trabalhamos num desporto realmente competitivo e desafiante e tamb\u00e9m nos neg\u00f3cios. Todos os dias precisamos de acordar e olhar para o que est\u00e1 a acontecer \u00e0 nossa volta e orientar a nossa estrat\u00e9gia e o nosso desenvolvimento em conformidade. Mas, h\u00e1 algo que deve estar sempre presente para que a equipa da The Racing Factory trabalhe &#8211; sucesso e paix\u00e3o.<\/p><p><strong>Trabalha no desenvolvimento de jovens pilotos ou prefere pilotos mais experientes?<\/strong><br \/>Fazemos ambos. Trabalhamos com ambos os tipos de pilotos e n\u00e3o queremos preferir apenas um grupo. Preferimos pilotos que se comportem profissionalmente (apesar de n\u00e3o serem pilotos profissionais) e que estejam realmente empenhados em vencer.<\/p><p>Mas, desde o in\u00edcio, comprometemo-nos tamb\u00e9m a tentar trabalhar com alguns jovens motoristas talentosos; ajud\u00e1-los a crescer, n\u00e3o s\u00f3 do ponto de vista da condu\u00e7\u00e3o, mas tamb\u00e9m do ponto de vista comercial e promocional; ajud\u00e1-los no desenvolvimento da sua carreira. Isso faz obviamente parte do nosso ADN e \u00e9 algo em que queremos continuar a trabalhar.<\/p><p><strong>Por que raz\u00e3o escolheu o \u0160KODA FABIA Rally2\u00a0 evo? O sucesso a longo prazo da marca teve alguma influ\u00eancia sobre si?<\/strong><br \/>Isso \u00e9 f\u00e1cil. A rela\u00e7\u00e3o com a \u0160KODA come\u00e7ou h\u00e1 12 anos quando alguns pilotos portugueses (como Ricardo Moura, Bruno Magalh\u00e3es e Ricardo Teod\u00f3sio) come\u00e7aram a comprar este carro. Depois desta experi\u00eancia, torn\u00e1mo-nos leais \u00e0 marca e sempre consider\u00e1mos o \u0160KODA FABIA Rally2 como o melhor carro do grupo Rally2 de sempre. N\u00e3o fomos portanto influenciados pelo sucesso do carro, mas, acima de tudo, pelo n\u00edvel de desenvolvimento, fiabilidade, qualidade geral dos carros do \u0160KODA e pelo apoio ao cliente. Estas s\u00e3o as coisas que conhecemos muito bem do passado, e s\u00e3o as raz\u00f5es que nos levaram a decidir comprar o \u0160KODA FABIA Rally2 evo. Desde o in\u00edcio, estamos convencidos de que este carro era a melhor op\u00e7\u00e3o para n\u00f3s.<\/p><p><strong>Voc\u00ea completou uma s\u00e9rie de ralis com o carro. Como o classifica em termos de manuseamento?<\/strong><br \/>Sim, para al\u00e9m do meu papel como Director Geral da The Racing Factory, tento sempre fazer um pequeno programa de corridas e participar em alguns dos meus ralis favoritos. Normalmente fa\u00e7o eventos ERC seleccionados, mas o meu estilo \u00e9 obviamente mais de &#8216;cavalheiro piloto&#8217;. No entanto, ainda posso dizer que, de qualquer perspectiva, o \u0160KODA \u00e9 o melhor carro que j\u00e1 conduzi. Em todas as circunst\u00e2ncias, este carro \u00e9 adequado para todos os tipos de condutores e a sua fiabilidade em todos os tipos de superf\u00edcies \u00e9 o principal aspecto a destacar, do meu ponto de vista.<\/p><p><strong>E do que \u00e9 que os seus clientes gostam neste carro?<\/strong><br \/>Os nossos clientes gostam de ganhar e a \u00fanica forma de o fazer \u00e9 conduzir o \u0160KODA FABIA Rally2. Portanto, a resposta \u00e9 clara e simples. Eles gostam de tudo em rela\u00e7\u00e3o ao\u00a0 \u0160KODA FABIA Rally2. Sem atalhos para o sucesso, mas o melhor carro para os melhores condutores.<\/p><p><strong>Como v\u00ea pessoalmente o futuro do rallying?<\/strong><br \/>Estando directa e profissionalmente envolvido no mercado e neg\u00f3cio autom\u00f3vel, estou tamb\u00e9m a observar com alguma antecipa\u00e7\u00e3o as adapta\u00e7\u00f5es e mudan\u00e7as no nosso campo desportivo para tirar partido dos novos tipos de solu\u00e7\u00f5es e energias que ser\u00e3o utilizadas nos carros de rali.<\/p><p>Na minha opini\u00e3o, n\u00e3o podemos parar no tempo ou olhar para tr\u00e1s. Assim, penso que o grupo do Rally2 dever\u00e1 avan\u00e7ar num futuro pr\u00f3ximo e seguir o mesmo caminho que o grupo de topo do Rally1, ou seja, em direc\u00e7\u00e3o a solu\u00e7\u00f5es h\u00edbridas e novos combust\u00edveis. Ainda n\u00e3o sabemos que tipos de sistemas de energia e energias ser\u00e3o mais adequados para carros de rally no futuro, especialmente os concebidos para equipas privadas que trabalham com um or\u00e7amento limitado.<\/p>\t\t\t\t\t\t\t\t<\/div>\n\t\t\t\t<\/div>\n\t\t\t\t<div class=\"elementor-element elementor-element-26a8e2c elementor-widget elementor-widget-text-editor\" data-id=\"26a8e2c\" data-element_type=\"widget\" data-e-type=\"widget\" data-widget_type=\"text-editor.default\">\n\t\t\t\t<div class=\"elementor-widget-container\">\n\t\t\t\t\t\t\t\t\t<p style=\"font-size:10px;\"><strong>Fonte: <\/strong><a href=\"https:\/\/www.skoda-motorsport.com\/\">\u0160KODA MOTORSPORT<\/a>\n<br>\n<strong>Retirado de: <\/strong><a href=\"https:\/\/www.skoda-motorsport.com\/en\/trf-fabia-is-the-best-car-of-the-rally2-group-customer-teams\/\">www.skoda-motorsport.com\/en\/trf-fabia-is-the-best-car-of-the-rally2-group-customer-teams<\/a><\/p>\t\t\t\t\t\t\t\t<\/div>\n\t\t\t\t<\/div>\n\t\t\t\t\t<\/div>\n\t\t<\/div>\n\t\t\t\t\t<\/div>\n\t\t<\/section>\n\t\t\t\t\t<\/div>\n\t\t<\/div>\n\t\t\t\t\t<\/div>\n\t\t<\/section>\n\t\t\t\t<\/div>","protected":false},"excerpt":{"rendered":"<p>The relationship with \u0160KODA started 12 years ago when some Portuguese drivers (such as Ricardo Moura, Bruno Magalh\u00e3es and Ricardo Teod\u00f3sio) started buying this car. After this experience, we have become loyal to the brand and have always considered the \u0160KODA FABIA Rally2 to be the best car of the Rally2 group ever.<\/p>","protected":false},"author":1,"featured_media":9028,"comment_status":"closed","ping_status":"open","sticky":false,"template":"elementor_theme","format":"standard","meta":{"wp_social_preview_title":"","wp_social_preview_description":"","wp_social_preview_image":0,"footnotes":""},"categories":[41],"tags":[134,35,60,135,136,90,57],"class_list":["post-6612","post","type-post","status-publish","format-standard","has-post-thumbnail","hentry","category-trf","tag-skoda-fabia","tag-skoda","tag-skoda-fabia-r5-evo","tag-skoda-fabia-rally2","tag-skoda-fabia-rally2-evo","tag-the-racing-factory","tag-trf"],"_links":{"self":[{"href":"https:\/\/www.theracingfactory.pt\/pt\/wp-json\/wp\/v2\/posts\/6612","targetHints":{"allow":["GET"]}}],"collection":[{"href":"https:\/\/www.theracingfactory.pt\/pt\/wp-json\/wp\/v2\/posts"}],"about":[{"href":"https:\/\/www.theracingfactory.pt\/pt\/wp-json\/wp\/v2\/types\/post"}],"author":[{"embeddable":true,"href":"https:\/\/www.theracingfactory.pt\/pt\/wp-json\/wp\/v2\/users\/1"}],"replies":[{"embeddable":true,"href":"https:\/\/www.theracingfactory.pt\/pt\/wp-json\/wp\/v2\/comments?post=6612"}],"version-history":[{"count":4,"href":"https:\/\/www.theracingfactory.pt\/pt\/wp-json\/wp\/v2\/posts\/6612\/revisions"}],"predecessor-version":[{"id":10637,"href":"https:\/\/www.theracingfactory.pt\/pt\/wp-json\/wp\/v2\/posts\/6612\/revisions\/10637"}],"wp:featuredmedia":[{"embeddable":true,"href":"https:\/\/www.theracingfactory.pt\/pt\/wp-json\/wp\/v2\/media\/9028"}],"wp:attachment":[{"href":"https:\/\/www.theracingfactory.pt\/pt\/wp-json\/wp\/v2\/media?parent=6612"}],"wp:term":[{"taxonomy":"category","embeddable":true,"href":"https:\/\/www.theracingfactory.pt\/pt\/wp-json\/wp\/v2\/categories?post=6612"},{"taxonomy":"post_tag","embeddable":true,"href":"https:\/\/www.theracingfactory.pt\/pt\/wp-json\/wp\/v2\/tags?post=6612"}],"curies":[{"name":"wp","href":"https:\/\/api.w.org\/{rel}","templated":true}]}}