{"id":6672,"date":"2021-11-22T10:49:41","date_gmt":"2021-11-22T10:49:41","guid":{"rendered":"http:\/\/www.theracingfactory.pt\/?p=6672"},"modified":"2025-04-29T10:54:47","modified_gmt":"2025-04-29T10:54:47","slug":"the-racing-factory-subiu-ao-podio-no-fia-erc-3","status":"publish","type":"post","link":"https:\/\/www.theracingfactory.pt\/pt\/the-racing-factory-subiu-ao-podio-no-fia-erc-3\/","title":{"rendered":"The Racing Factory subiu ao p\u00f3dio no FIA ERC 3"},"content":{"rendered":"<div data-elementor-type=\"wp-post\" data-elementor-id=\"6672\" class=\"elementor elementor-6672\">\n\t\t\t\t\t\t<section class=\"elementor-section elementor-top-section elementor-element elementor-element-84933de elementor-section-boxed elementor-section-height-default elementor-section-height-default\" data-id=\"84933de\" data-element_type=\"section\" data-e-type=\"section\" data-settings=\"{&quot;background_background&quot;:&quot;gradient&quot;}\">\n\t\t\t\t\t\t<div class=\"elementor-container elementor-column-gap-default\">\n\t\t\t\t\t<div class=\"elementor-column elementor-col-100 elementor-top-column elementor-element elementor-element-45ce2785\" data-id=\"45ce2785\" data-element_type=\"column\" data-e-type=\"column\" data-settings=\"{&quot;background_background&quot;:&quot;classic&quot;}\">\n\t\t\t<div class=\"elementor-widget-wrap elementor-element-populated\">\n\t\t\t\t\t\t<section class=\"elementor-section elementor-inner-section elementor-element elementor-element-1702ca22 elementor-section-full_width elementor-section-height-default elementor-section-height-default\" data-id=\"1702ca22\" data-element_type=\"section\" data-e-type=\"section\">\n\t\t\t\t\t\t<div class=\"elementor-container elementor-column-gap-no\">\n\t\t\t\t\t<div class=\"elementor-column elementor-col-100 elementor-inner-column elementor-element elementor-element-3f02fcf2\" data-id=\"3f02fcf2\" data-element_type=\"column\" data-e-type=\"column\">\n\t\t\t<div class=\"elementor-widget-wrap elementor-element-populated\">\n\t\t\t\t\t\t<div class=\"elementor-element elementor-element-4dd00a38 elementor-widget elementor-widget-theme-post-title elementor-page-title elementor-widget-heading\" data-id=\"4dd00a38\" data-element_type=\"widget\" data-e-type=\"widget\" data-widget_type=\"theme-post-title.default\">\n\t\t\t\t<div class=\"elementor-widget-container\">\n\t\t\t\t\t<h1 class=\"elementor-heading-title elementor-size-default\">The Racing Factory subiu ao p\u00f3dio no FIA ERC 3<\/h1>\t\t\t\t<\/div>\n\t\t\t\t<\/div>\n\t\t\t\t<div class=\"elementor-element elementor-element-3aa8c26b elementor-widget elementor-widget-text-editor\" data-id=\"3aa8c26b\" data-element_type=\"widget\" data-e-type=\"widget\" data-widget_type=\"text-editor.default\">\n\t\t\t\t<div class=\"elementor-widget-container\">\n\t\t\t\t\t\t\t\t\t<p>A The Racing Factory terminou de forma positiva a sua participa\u00e7\u00e3o no FIA European Rally Championship. Numa competi\u00e7\u00e3o europeia onde a forma\u00e7\u00e3o de Santa Maria da Feira marcou presen\u00e7a na totalidade dos eventos (8 provas), foi com o jovem piloto espanhol, Pep Bassas, que a equipa portuguesa se evidenciou, terminando a competi\u00e7\u00e3o FIA ERC 3 na segunda posi\u00e7\u00e3o.<\/p>\n<p>No final do Rally Islas Canarias, \u00faltima ronda do FIA ERC, Justino Reis mostrava-se muito satisfeito com o resultado final e com a presta\u00e7\u00e3o da equipa nesta temporada al\u00e9m fronteiras:&nbsp;<strong>\u201cLutamos at\u00e9 ao final, em todas as provas do campeonato, com desaires, p\u00f3dios e vit\u00f3rias, e somos vice-campe\u00f5es Europeus ERC3. Um campeonato feito de esfor\u00e7o, empenho e profissionalismo e falhamos por muito pouco o grande objetivo. Mas estamos muito contentes e agradecidos aos pilotos Bassas\/Axel e todos os elementos TRF que estiveram ligados a toda esta empreitada<\/strong>\u201d, come\u00e7ou por destacar, antes de lembrar que:&nbsp;<strong>\u201cTerminamos o ano como come\u00e7\u00e1mos na Pol\u00f3nia, a assistir tr\u00eas carros e continuamos focados num dos nossos targets principais da equipa, a sua internacionaliza\u00e7\u00e3o e discuss\u00e3o de campeonatos internacionais.\u201d<\/strong><\/p>\n<p>Alo\u00edsio Monteiro, por seu lado, demonstrou-se satisfeito relembrando que este \u00e9&nbsp;<strong>\u201cum projeto totalmente privado, com um budget reduzido quando comparado com as outras equipas que atacaram o mesmo objetivo. O Pep Bassas demonstrou todas as suas capacidades, lutando em todas as provas pelos lugares cimeiros.&nbsp; Vamos lutar para lhe dar outras armas para lutar por outros objetivos em 2022. \u00c9 muito importante real\u00e7ar que este sucesso desportivo \u00e9 fruto do trabalho dos pilotos, mas tamb\u00e9m de uma grande estrutura que, semana ap\u00f3s semana, rali ap\u00f3s rali est\u00e1 a crescer e j\u00e1 se posiciona entre os melhores da Europa.\u201d<\/strong><\/p>\n<p>Na prova espanhola, e como prova m\u00e1xima da internacionaliza\u00e7\u00e3o, a The Racing Factory assistiu ainda a equipa argentina composta por Juan Carlos Alonso \/ Juan Pablo Monasterolo, bem como a dupla espanhola Lu\u00eds Villari\u00f1o \/ Jos\u00e9 Murado, ambas em Skoda Fabia Rally 2 EVO, que, segundo Justino Reis:&nbsp;&nbsp;<strong>\u201cconseguiram completar a prova&nbsp; sem problemas, atingindo os seus objetivos. Ambas as duplas est\u00e3o nesta fase a procurar viabilizar os seus projetos 2022, eventualmente com a The Racing Factory.\u201d<\/strong><\/p>\t\t\t\t\t\t\t\t<\/div>\n\t\t\t\t<\/div>\n\t\t\t\t\t<\/div>\n\t\t<\/div>\n\t\t\t\t\t<\/div>\n\t\t<\/section>\n\t\t\t\t\t<\/div>\n\t\t<\/div>\n\t\t\t\t\t<\/div>\n\t\t<\/section>\n\t\t\t\t<\/div>","protected":false},"excerpt":{"rendered":"<p>A The Racing Factory marcar\u00e1 presen\u00e7a, a partir de amanh\u00e3, no 42.\u00ba Rally Islas Can\u00e1rias, \u00faltima ronda do FIA ERC \u2013 Campeonato da Europa de Ralis. Nesta prova que d\u00e1 por encerrada a competi\u00e7\u00e3o europeia, a estrutura de Santa Maria da Feira contar\u00e1 com a dupla Pedro Almeida &#8211; Hugo Magalh\u00e3es, aos comandos do Peugeot 208 Rally 4, inseridos no ERC3 \u2013 Junior.<\/p>","protected":false},"author":1,"featured_media":9030,"comment_status":"closed","ping_status":"open","sticky":false,"template":"elementor_theme","format":"standard","meta":{"wp_social_preview_title":"","wp_social_preview_description":"","wp_social_preview_image":0,"footnotes":""},"categories":[36],"tags":[117,70,71,37,72,137,138,139,140,120,58,55],"class_list":["post-6672","post","type-post","status-publish","format-standard","has-post-thumbnail","hentry","category-erc","tag-axel-coronado","tag-campeonato-europeu-de-ralis","tag-erc","tag-european-rally-championship","tag-fia-erc","tag-jose-murado","tag-juan-carlos-alonso","tag-juan-pablo-monasterolo","tag-luis-villarino","tag-pep-bassas","tag-peugeot-208-rally-4","tag-rally-islas-canarias"],"_links":{"self":[{"href":"https:\/\/www.theracingfactory.pt\/pt\/wp-json\/wp\/v2\/posts\/6672","targetHints":{"allow":["GET"]}}],"collection":[{"href":"https:\/\/www.theracingfactory.pt\/pt\/wp-json\/wp\/v2\/posts"}],"about":[{"href":"https:\/\/www.theracingfactory.pt\/pt\/wp-json\/wp\/v2\/types\/post"}],"author":[{"embeddable":true,"href":"https:\/\/www.theracingfactory.pt\/pt\/wp-json\/wp\/v2\/users\/1"}],"replies":[{"embeddable":true,"href":"https:\/\/www.theracingfactory.pt\/pt\/wp-json\/wp\/v2\/comments?post=6672"}],"version-history":[{"count":4,"href":"https:\/\/www.theracingfactory.pt\/pt\/wp-json\/wp\/v2\/posts\/6672\/revisions"}],"predecessor-version":[{"id":10593,"href":"https:\/\/www.theracingfactory.pt\/pt\/wp-json\/wp\/v2\/posts\/6672\/revisions\/10593"}],"wp:featuredmedia":[{"embeddable":true,"href":"https:\/\/www.theracingfactory.pt\/pt\/wp-json\/wp\/v2\/media\/9030"}],"wp:attachment":[{"href":"https:\/\/www.theracingfactory.pt\/pt\/wp-json\/wp\/v2\/media?parent=6672"}],"wp:term":[{"taxonomy":"category","embeddable":true,"href":"https:\/\/www.theracingfactory.pt\/pt\/wp-json\/wp\/v2\/categories?post=6672"},{"taxonomy":"post_tag","embeddable":true,"href":"https:\/\/www.theracingfactory.pt\/pt\/wp-json\/wp\/v2\/tags?post=6672"}],"curies":[{"name":"wp","href":"https:\/\/api.w.org\/{rel}","templated":true}]}}