{"id":6914,"date":"2022-08-03T14:50:36","date_gmt":"2022-08-03T13:50:36","guid":{"rendered":"http:\/\/www.theracingfactory.pt\/?p=6914"},"modified":"2025-04-29T10:54:47","modified_gmt":"2025-04-29T10:54:47","slug":"the-racing-factory-ataca-rali-vinho-madeira-em-todas-as-frentes","status":"publish","type":"post","link":"https:\/\/www.theracingfactory.pt\/pt\/the-racing-factory-ataca-rali-vinho-madeira-em-todas-as-frentes\/","title":{"rendered":"The Racing Factory ataca Rali Vinho Madeira em todas as frentes"},"content":{"rendered":"<div data-elementor-type=\"wp-post\" data-elementor-id=\"6914\" class=\"elementor elementor-6914\">\n\t\t\t\t\t\t<section class=\"elementor-section elementor-top-section elementor-element elementor-element-84933de elementor-section-boxed elementor-section-height-default elementor-section-height-default\" data-id=\"84933de\" data-element_type=\"section\" data-e-type=\"section\" data-settings=\"{&quot;background_background&quot;:&quot;gradient&quot;}\">\n\t\t\t\t\t\t<div class=\"elementor-container elementor-column-gap-default\">\n\t\t\t\t\t<div class=\"elementor-column elementor-col-100 elementor-top-column elementor-element elementor-element-45ce2785\" data-id=\"45ce2785\" data-element_type=\"column\" data-e-type=\"column\" data-settings=\"{&quot;background_background&quot;:&quot;classic&quot;}\">\n\t\t\t<div class=\"elementor-widget-wrap elementor-element-populated\">\n\t\t\t\t\t\t<section class=\"elementor-section elementor-inner-section elementor-element elementor-element-1702ca22 elementor-section-full_width elementor-section-height-default elementor-section-height-default\" data-id=\"1702ca22\" data-element_type=\"section\" data-e-type=\"section\">\n\t\t\t\t\t\t<div class=\"elementor-container elementor-column-gap-no\">\n\t\t\t\t\t<div class=\"elementor-column elementor-col-100 elementor-inner-column elementor-element elementor-element-3f02fcf2\" data-id=\"3f02fcf2\" data-element_type=\"column\" data-e-type=\"column\">\n\t\t\t<div class=\"elementor-widget-wrap elementor-element-populated\">\n\t\t\t\t\t\t<div class=\"elementor-element elementor-element-4dd00a38 elementor-widget elementor-widget-theme-post-title elementor-page-title elementor-widget-heading\" data-id=\"4dd00a38\" data-element_type=\"widget\" data-e-type=\"widget\" data-widget_type=\"theme-post-title.default\">\n\t\t\t\t<div class=\"elementor-widget-container\">\n\t\t\t\t\t<h1 class=\"elementor-heading-title elementor-size-default\">The Racing Factory ataca Rali Vinho Madeira em todas as frentes<\/h1>\t\t\t\t<\/div>\n\t\t\t\t<\/div>\n\t\t\t\t<div class=\"elementor-element elementor-element-3aa8c26b elementor-widget elementor-widget-text-editor\" data-id=\"3aa8c26b\" data-element_type=\"widget\" data-e-type=\"widget\" data-widget_type=\"text-editor.default\">\n\t\t\t\t<div class=\"elementor-widget-container\">\n\t\t\t\t\t\t\t\t\t<ul><li>Armindo Ara\u00fajo, Miguel Nunes, Simon Campedelli, Pedro Almeida, Ernesto Cunha e Jo\u00e3o Silva representam a equipa no evento;<\/li><li>The Racing Factory tem pilotos envolvidos em todas as lutas;<\/li><li>Alo\u00edsio Monteiro mostra-se motivado e confiante em bons resultados individuais para os pilotos da equipa de Santa Maria da Feira;<\/li><\/ul><p>\u00a0<\/p><p>Depois de dois dias intensivos de testes e de uma noite muito animada no Casino da Madeira, local onde decorreu a tradicional Sess\u00e3o de Aut\u00f3grafos do Rali Vinho Madeira, a The Racing Factory est\u00e1 a ultimar todos os preparativos para a participa\u00e7\u00e3o na prova madeirense, onde contar\u00e1 com 6 viaturas e outras tantas duplas num ataque em todas as frentes.<\/p><p>Armindo Ara\u00fajo, l\u00edder do Campeonato de Portugal de Ralis, chega \u00e0 Madeira com objetivos claros de lutar pela vit\u00f3ria entre os pilotos continentais, sempre \u00e0 espreita de uma possibilidade da vit\u00f3ria \u00e0 Geral. Miguel Nunes, que lidera o Campeonato da Madeira de Ralis, \u00e9 o principal candidato \u00e0 vit\u00f3ria na prova insular e procurar\u00e1 confirmar as expectativas desde o primeiro tro\u00e7o.<\/p><p>Simon Campedelli, piloto italiano que habitualmente participa nas provas do Campeonato da Europa de Ralis, estreia-se no Rali Vinho Madeira ao volante de um Skoda Fabia Rally2 Evo da The Racing Factory, para cumprir o sonho de participar neste evento, que tantas vezes acompanhou \u00e0 dist\u00e2ncia para seguir os seus \u00eddolos de inf\u00e2ncia.<\/p><p>Pedro Almeida, tamb\u00e9m ao volante de um Skoda, tudo far\u00e1 para continuar a evoluir no Campeonato de Portugal de Ralis, onde vem crescendo significativamente e se mostra cada vez mais como uma refer\u00eancia entre as jovens promessas do nosso campeonato.<\/p><p>Jo\u00e3o Silva, talentoso piloto Madeirense, junta-se \u00e1 TRF pontualmente para participar na \u2018Volta \u00e0 Ilha\u2019 e para disputar a maior festa do desporto autom\u00f3vel madeirense, ao volante de um Peugeot 208 Rally 4, viatura id\u00eantica na qual Ernesto Cunha, l\u00edder do CPR 2RM participar\u00e1 na prova para continuar a sua evolu\u00e7\u00e3o na modalidade e aumentar o seu conhecimento de condu\u00e7\u00e3o nesta prova t\u00e3o caracter\u00edstica.<\/p><p>Para Alo\u00edsio Monteiro, l\u00edder da The Racing Factory, \u00e9 \u201cum grande motivo de orgulho olhar para a lista de inscritos e ver a nossa equipa com uma representa\u00e7\u00e3o massiva nesta prova t\u00e3o carism\u00e1tica. Trazer \u00e0 Madeira um total de 6 viaturas, quatro Skoda Fabia Rally 2 EVO e 2 Peugeot 208 Rally 4, obriga a que toda a estrutura esteja mobilizada em prol dos objetivos individuais dos nossos pilotos.<\/p><p>A verdade \u00e9 que vamos com certeza ter os nossos pilotos envolvidos na discuss\u00e3o das vit\u00f3rias nas respetivas categorias e isso s\u00f3 comprova a confian\u00e7a que os nossos clientes depositam na The Racing Factory.<\/p><p>A equipa preparou-se e tudo far\u00e1 para estar ao n\u00edvel do desafio!\u201d, garantiu.<\/p><p>O Rali Vinho Madeira tem um programa alargado, de quinta-feira a s\u00e1bado, com destaque natural para o regresso da Super-Especial disputada na Avenida do Mar no final do tarde de amanh\u00e3.<\/p><p>Para S\u00e1bado e Domingo, a prova contar\u00e1 com um total de 16 tro\u00e7os cronometrados.<\/p>\t\t\t\t\t\t\t\t<\/div>\n\t\t\t\t<\/div>\n\t\t\t\t\t<\/div>\n\t\t<\/div>\n\t\t\t\t\t<\/div>\n\t\t<\/section>\n\t\t\t\t\t<\/div>\n\t\t<\/div>\n\t\t\t\t\t<\/div>\n\t\t<\/section>\n\t\t\t\t<\/div>","protected":false},"excerpt":{"rendered":"<p>Armindo Ara\u00fajo, Miguel Nunes, Simon Campedelli, Pedro Almeida, Ernesto Cunha e Jo\u00e3o Silva representam a equipa no evento.<\/p>","protected":false},"author":1,"featured_media":9034,"comment_status":"closed","ping_status":"open","sticky":false,"template":"elementor_theme","format":"standard","meta":{"wp_social_preview_title":"","wp_social_preview_description":"","wp_social_preview_image":0,"footnotes":""},"categories":[62,26,40],"tags":[24,61,25,63,64,118,119,30,67,96,126,74,88,60,90,57],"class_list":["post-6914","post","type-post","status-publish","format-standard","has-post-thumbnail","hentry","category-cmr","category-cpr","category-prci","tag-armindo-araujo","tag-campeonato-da-madeira-ralis-de-coral","tag-campeonato-de-portugal-de-ralis","tag-cmr","tag-cpr","tag-efc-rally-team","tag-ernesto-cunha","tag-luis-ramalho","tag-miguel-nunes","tag-motorsport-solutions","tag-peugeot-208-rally4","tag-rali-vinho-da-madeira","tag-rui-raimundo","tag-skoda-fabia-r5-evo","tag-the-racing-factory","tag-trf"],"_links":{"self":[{"href":"https:\/\/www.theracingfactory.pt\/pt\/wp-json\/wp\/v2\/posts\/6914","targetHints":{"allow":["GET"]}}],"collection":[{"href":"https:\/\/www.theracingfactory.pt\/pt\/wp-json\/wp\/v2\/posts"}],"about":[{"href":"https:\/\/www.theracingfactory.pt\/pt\/wp-json\/wp\/v2\/types\/post"}],"author":[{"embeddable":true,"href":"https:\/\/www.theracingfactory.pt\/pt\/wp-json\/wp\/v2\/users\/1"}],"replies":[{"embeddable":true,"href":"https:\/\/www.theracingfactory.pt\/pt\/wp-json\/wp\/v2\/comments?post=6914"}],"version-history":[{"count":4,"href":"https:\/\/www.theracingfactory.pt\/pt\/wp-json\/wp\/v2\/posts\/6914\/revisions"}],"predecessor-version":[{"id":10585,"href":"https:\/\/www.theracingfactory.pt\/pt\/wp-json\/wp\/v2\/posts\/6914\/revisions\/10585"}],"wp:featuredmedia":[{"embeddable":true,"href":"https:\/\/www.theracingfactory.pt\/pt\/wp-json\/wp\/v2\/media\/9034"}],"wp:attachment":[{"href":"https:\/\/www.theracingfactory.pt\/pt\/wp-json\/wp\/v2\/media?parent=6914"}],"wp:term":[{"taxonomy":"category","embeddable":true,"href":"https:\/\/www.theracingfactory.pt\/pt\/wp-json\/wp\/v2\/categories?post=6914"},{"taxonomy":"post_tag","embeddable":true,"href":"https:\/\/www.theracingfactory.pt\/pt\/wp-json\/wp\/v2\/tags?post=6914"}],"curies":[{"name":"wp","href":"https:\/\/api.w.org\/{rel}","templated":true}]}}