{"id":6924,"date":"2022-08-08T10:05:16","date_gmt":"2022-08-08T09:05:16","guid":{"rendered":"http:\/\/www.theracingfactory.pt\/?p=6924"},"modified":"2025-04-29T10:54:46","modified_gmt":"2025-04-29T10:54:46","slug":"excelente-resultado-no-rali-vinho-madeira","status":"publish","type":"post","link":"https:\/\/www.theracingfactory.pt\/pt\/excelente-resultado-no-rali-vinho-madeira\/","title":{"rendered":"Excelente resultado no Rali Vinho Madeira"},"content":{"rendered":"<div data-elementor-type=\"wp-post\" data-elementor-id=\"6924\" class=\"elementor elementor-6924\">\n\t\t\t\t\t\t<section class=\"elementor-section elementor-top-section elementor-element elementor-element-84933de elementor-section-boxed elementor-section-height-default elementor-section-height-default\" data-id=\"84933de\" data-element_type=\"section\" data-e-type=\"section\" data-settings=\"{&quot;background_background&quot;:&quot;gradient&quot;}\">\n\t\t\t\t\t\t<div class=\"elementor-container elementor-column-gap-default\">\n\t\t\t\t\t<div class=\"elementor-column elementor-col-100 elementor-top-column elementor-element elementor-element-45ce2785\" data-id=\"45ce2785\" data-element_type=\"column\" data-e-type=\"column\" data-settings=\"{&quot;background_background&quot;:&quot;classic&quot;}\">\n\t\t\t<div class=\"elementor-widget-wrap elementor-element-populated\">\n\t\t\t\t\t\t<section class=\"elementor-section elementor-inner-section elementor-element elementor-element-1702ca22 elementor-section-full_width elementor-section-height-default elementor-section-height-default\" data-id=\"1702ca22\" data-element_type=\"section\" data-e-type=\"section\">\n\t\t\t\t\t\t<div class=\"elementor-container elementor-column-gap-no\">\n\t\t\t\t\t<div class=\"elementor-column elementor-col-100 elementor-inner-column elementor-element elementor-element-3f02fcf2\" data-id=\"3f02fcf2\" data-element_type=\"column\" data-e-type=\"column\">\n\t\t\t<div class=\"elementor-widget-wrap elementor-element-populated\">\n\t\t\t\t\t\t<div class=\"elementor-element elementor-element-2958882 elementor-widget elementor-widget-heading\" data-id=\"2958882\" data-element_type=\"widget\" data-e-type=\"widget\" data-widget_type=\"heading.default\">\n\t\t\t\t<div class=\"elementor-widget-container\">\n\t\t\t\t\t<h2 class=\"elementor-heading-title elementor-size-default\">Excelente resultado no Rali Vinho Madeira<\/h2>\t\t\t\t<\/div>\n\t\t\t\t<\/div>\n\t\t\t\t<div class=\"elementor-element elementor-element-3aa8c26b elementor-widget elementor-widget-text-editor\" data-id=\"3aa8c26b\" data-element_type=\"widget\" data-e-type=\"widget\" data-widget_type=\"text-editor.default\">\n\t\t\t\t<div class=\"elementor-widget-container\">\n\t\t\t\t\t\t\t\t\t<blockquote><div><div><div><a name=\"m_-541519943626322470__Hlk105504488\"><\/a>Armindo Ara\u00fajo e Lu\u00eds Ramalho est\u00e3o mais perto do t\u00edtulo\u00a0<u><\/u><u><\/u><\/div><div><u><\/u>\u00a0<u><\/u><\/div><div>Fruto do excelente segundo lugar, no Campeonato de Portugal de Ralis, alcan\u00e7ado no Rali Vinho da Madeira, Armindo Ara\u00fajo e Lu\u00eds Ramalho colocaram-se mais perto de conseguirem alcan\u00e7ar o grande objetivo de voltarem a conquistar mais um t\u00edtulo absoluto no CPR.\u00a0<u><\/u><u><\/u><\/div><div><u><\/u>\u00a0<u><\/u><\/div><div>Numa etapa onde conseguiram rodar sempre entre os mais r\u00e1pidos, a dupla do Skoda Fabia Rally 2 manteve a mesma toada de ontem, e sem cometer qualquer erro ou correr riscos, garantiu o melhor resultado na prova, desde que regressou \u00e0 competi\u00e7\u00e3o.\u00a0<em><b>\u201cFizemos um rali muito bom a todos os n\u00edveis e sa\u00edmos daqui muito satisfeitos com todo o trabalho que realizamos. O Skoda esteve sempre muito bom, n\u00f3s conseguimos andar sempre num ritmo forte e terminamos num excelente quarto lugar da geral, mas mais importante que isso, fomos os segundos nas contas do CPR. Pela sexta vez, em seis provas, subimos ao p\u00f3dio num dos dois primeiros lugares o que \u00e9, obviamente, um excelente registo. O Jos\u00e9 Pedro Fontes esteve hoje irrepreens\u00edvel e n\u00e3o conseguimos, desta vez, bat\u00ea-lo. Parab\u00e9ns a ele e ao Alexandre Camacho pelas vit\u00f3rias\u201d<\/b><\/em><em>, come\u00e7ou por dizer Armindo Ara\u00fajo.\u00a0\u00a0<\/em><u><\/u><u><\/u><\/div><div><u><\/u>\u00a0<u><\/u><\/div><div>Com este resultado, os l\u00edderes do Campeonato de Portugal de Ralis partem para a pen\u00faltima prova do ano, o Rali da \u00c1gua\/Alto T\u00e2mega, com a possibilidade de fecharem as contas do t\u00edtulo a seu favor.\u00a0<b><i>\u201cDemos aqui um grande passo para alcan\u00e7armos o grande objetivo de voltarmos a conquistar o t\u00edtulo absoluto. Com os pontos que conseguimos neste rali, aumentamos para vinte seis, a diferen\u00e7a para o nosso principal advers\u00e1rio e um p\u00f3dio em Chaves ser\u00e1 suficiente para, matematicamente, vencermos o campeonato. Vamos agora desfrutar deste excelente resultado e depois sim centrar todas as aten\u00e7\u00f5es na pr\u00f3xima prova<\/i><\/b>\u201d, concluiu o piloto de Santo Tirso.\u00a0<u><\/u><u><\/u><\/div><div><u><\/u>\u00a0<u><\/u><\/div><div>A prova do Clube Aventura do Minho, ir\u00e1 para a estrada nos pr\u00f3ximos dias 2 e 3 de Setembro e ser\u00e1 realizada, uma vez mais, na regi\u00e3o de Chaves.\u00a0<u><\/u><u><\/u><\/div><div><u><\/u>\u00a0<u><\/u><\/div><div>Classifica\u00e7\u00e3o do CPR: 1\u00ba Armindo Ara\u00fajo 142 pontos; 2\u00ba M. Correia, 116; 3\u00ba J. P. Fontes, 105; 4\u00ba B. Magalh\u00e3es, 71; 5\u00ba R. Teod\u00f3sio, 52 (\u2026)<\/div><\/div><\/div><\/blockquote>\t\t\t\t\t\t\t\t<\/div>\n\t\t\t\t<\/div>\n\t\t\t\t\t<\/div>\n\t\t<\/div>\n\t\t\t\t\t<\/div>\n\t\t<\/section>\n\t\t\t\t\t<\/div>\n\t\t<\/div>\n\t\t\t\t\t<\/div>\n\t\t<\/section>\n\t\t\t\t<\/div>","protected":false},"excerpt":{"rendered":"<p>Armindo Ara\u00fajo, Miguel Nunes, Simon Campedelli, Pedro Almeida, Ernesto Cunha e Jo\u00e3o Silva representam a equipa no evento.<\/p>","protected":false},"author":1,"featured_media":9037,"comment_status":"closed","ping_status":"open","sticky":false,"template":"","format":"standard","meta":{"wp_social_preview_title":"","wp_social_preview_description":"","wp_social_preview_image":0,"footnotes":""},"categories":[26],"tags":[141,25,64,60,90,57],"class_list":["post-6924","post","type-post","status-publish","format-standard","has-post-thumbnail","hentry","category-cpr","tag-armindo-araujol","tag-campeonato-de-portugal-de-ralis","tag-cpr","tag-skoda-fabia-r5-evo","tag-the-racing-factory","tag-trf"],"_links":{"self":[{"href":"https:\/\/www.theracingfactory.pt\/pt\/wp-json\/wp\/v2\/posts\/6924","targetHints":{"allow":["GET"]}}],"collection":[{"href":"https:\/\/www.theracingfactory.pt\/pt\/wp-json\/wp\/v2\/posts"}],"about":[{"href":"https:\/\/www.theracingfactory.pt\/pt\/wp-json\/wp\/v2\/types\/post"}],"author":[{"embeddable":true,"href":"https:\/\/www.theracingfactory.pt\/pt\/wp-json\/wp\/v2\/users\/1"}],"replies":[{"embeddable":true,"href":"https:\/\/www.theracingfactory.pt\/pt\/wp-json\/wp\/v2\/comments?post=6924"}],"version-history":[{"count":7,"href":"https:\/\/www.theracingfactory.pt\/pt\/wp-json\/wp\/v2\/posts\/6924\/revisions"}],"predecessor-version":[{"id":10581,"href":"https:\/\/www.theracingfactory.pt\/pt\/wp-json\/wp\/v2\/posts\/6924\/revisions\/10581"}],"wp:featuredmedia":[{"embeddable":true,"href":"https:\/\/www.theracingfactory.pt\/pt\/wp-json\/wp\/v2\/media\/9037"}],"wp:attachment":[{"href":"https:\/\/www.theracingfactory.pt\/pt\/wp-json\/wp\/v2\/media?parent=6924"}],"wp:term":[{"taxonomy":"category","embeddable":true,"href":"https:\/\/www.theracingfactory.pt\/pt\/wp-json\/wp\/v2\/categories?post=6924"},{"taxonomy":"post_tag","embeddable":true,"href":"https:\/\/www.theracingfactory.pt\/pt\/wp-json\/wp\/v2\/tags?post=6924"}],"curies":[{"name":"wp","href":"https:\/\/api.w.org\/{rel}","templated":true}]}}